{"id":1765,"date":"2021-10-20T09:13:33","date_gmt":"2021-10-20T12:13:33","guid":{"rendered":"https:\/\/boosteragro.com\/blog-po\/?p=1765"},"modified":"2023-08-09T13:28:14","modified_gmt":"2023-08-09T16:28:14","slug":"o-que-e-vigor-de-sementes","status":"publish","type":"post","link":"https:\/\/boosteragro.com\/blog-po\/o-que-e-vigor-de-sementes\/","title":{"rendered":"Vigor de sementes: ser\u00e1 que \u00e9 realmente importante?"},"content":{"rendered":"\n<p><strong><em>Entenda o que \u00e9 o &#8216;vigor de sementes&#8217;, <b>qual a sua import\u00e2ncia na semeadura e como <\/b>avali\u00e1-lo.<\/em><\/strong><\/p>\n\n\n\n<p>A forma\u00e7\u00e3o de um estande de plantas r\u00e1pido e uniforme \u00e9 o desejo de todo produtor no in\u00edcio de cada safra.<\/p>\n\n\n\n<p>Isto est\u00e1 diretamente relacionado \u00e0 qualidade da semente, que \u00e9 composta por quatro atributos: gen\u00e9tico, f\u00edsico, sanit\u00e1rio e fisiol\u00f3gico (que inclui o vigor).<\/p>\n\n\n\n<p>O vigor \u00e9 fundamental, principalmente, no in\u00edcio da forma\u00e7\u00e3o da lavoura, e ter\u00e1 reflexos durante toda a produ\u00e7\u00e3o.<\/p>\n\n\n\n<p>Venha conferir neste texto, algumas informa\u00e7\u00f5es a respeito do vigor de sementes, e ver como este tema \u00e9 importante para uma boa produtividade!<\/p>\n\n\n\n<h2 class=\"wp-block-heading\">Vigor de sementes: o que \u00e9?<\/h2>\n\n\n\n<p>As sementes apresentam um material de reserva e o utilizam durante os primeiros duas para poder germinar e emergir.<\/p>\n\n\n\n<p>Al\u00e9m disso, para uma sementes germinar e formar uma planta, tamb\u00e9m \u00e9 preciso que as condi\u00e7\u00f5es ambientais sejam adequadas.<\/p>\n\n\n\n<p>Isso est\u00e1 relacionado \u00e0 taxa de germina\u00e7\u00e3o das sementes, que \u00e9 necess\u00e1rio para poder comercializ\u00e1-las.<\/p>\n\n\n\n<p>Cada esp\u00e9cie de sementes tem um padr\u00e3o de comercializa\u00e7\u00e3o, para o milho a <a href=\"https:\/\/www.gov.br\/agricultura\/pt-br\/assuntos\/insumos-agropecuarios\/insumos-agricolas\/sementes-e-mudas\/publicacoes-sementes-e-mudas\/copy_of_INN45de17desetembrode2013.pdf\" target=\"_blank\" rel=\"noreferrer noopener\">germina\u00e7\u00e3o<\/a> m\u00ednima \u00e9 de 85%, para a soja \u00e9 de 80% e para o trigo tamb\u00e9m \u00e9 de 80%.<\/p>\n\n\n\n<p>Entretanto, estes padr\u00f5es de comercializa\u00e7\u00e3o exigidos pela lei, consideram apenas a germina\u00e7\u00e3o m\u00ednima, e no teste de germina\u00e7\u00e3o as condi\u00e7\u00f5es de temperatura e umidade s\u00e3o as consideradas ideais para a cultura em quest\u00e3o.<\/p>\n\n\n\n<p>Ou seja, o teste de germina\u00e7\u00e3o avalia a porcentagem de sementes do lote que germina em condi\u00e7\u00f5es favor\u00e1veis de \u00e1gua, luz e temperatura.<\/p>\n\n\n\n<p>Entretanto, no campo as condi\u00e7\u00f5es nem sempre s\u00e3o favor\u00e1veis, \u00e0s vezes os produtores precisam semear com altas temperaturas ou com a falta de \u00e1gua no solo. Em outras palavras, em condi\u00e7\u00f5es n\u00e3o adequadas para o processo de germina\u00e7\u00e3o, e \u00e9 neste momento que entra o vigor das sementes.<\/p>\n\n\n<div class=\"wp-block-image\">\n<figure class=\"aligncenter\"><img decoding=\"async\" src=\"https:\/\/lh5.googleusercontent.com\/DluBdbdAF-QWWnCF7zExVOpSOS2ems9iu9_rKngNxnArzKAJvwoWRhZEJdsnxkivT-_cJA4UZAR9N3ZDZEWgyGx6vKvE4oDWLE_zRd6CGZAdKbHZwuPIDnlPyPxqgiw3sAV7rgE=s0\" alt=\"Um comparativo entre sementes de alto e baixo vigor\"\/><figcaption class=\"wp-element-caption\">Diferen\u00e7a na forma\u00e7\u00e3o de plantas com uso de sementes de alta e baixo vigor (Fonte: <a href=\"https:\/\/docplayer.com.br\/59251181-Vigor-da-semente-e-o-seu-desempenho-fisiologico-e-agronomico-jose-de-barros-franca-neto-embrapa-soja-londrina-pr.html\" target=\"_blank\" rel=\"noreferrer noopener\">Embrapa<\/a>)<\/figcaption><\/figure>\n<\/div>\n\n\n<p>O vigor \u00e9 o potencial que a semente apresenta em germinar e emergir rapidamente, gerando pl\u00e2ntulas normais em ampla faixa de condi\u00e7\u00f5es ambientais.<\/p>\n\n\n\n<p>Sendo assim, sementes com alta vigor conseguem, mesmo em condi\u00e7\u00f5es n\u00e3o consideradas adequadas de \u00e1gua, luz e temperatura, tolerar estes estresses e germinar e emergir formando uma pl\u00e2ntula normal.<\/p>\n\n\n\n<h3 class=\"wp-block-heading\">Um exemplo pr\u00e1tico<\/h3>\n\n\n\n<p>Para entender melhor o que \u00e9 vigor, veja o exemplo abaixo:<\/p>\n\n\n<div class=\"wp-block-image\">\n<figure class=\"aligncenter is-resized\"><img loading=\"lazy\" decoding=\"async\" src=\"https:\/\/lh5.googleusercontent.com\/Lg9E5VY7B5vx2RPNL-6xB8sy5uBFDlUwC97R3t6kIn9CSstTrEflHlNdNn2MlmKUdBMuGSfJaWTdIIHjEP6z5R_KLe8_KUw_-b6o7qsnb03IC1AFDMO9LRhS7O75N_i-BoYu_EI=s0\" alt=\"Diferen\u00e7a entre taxa de germina\u00e7\u00e3o e vigor \" style=\"width:675px;height:168px\" width=\"675\" height=\"168\"\/><figcaption class=\"wp-element-caption\">(Fonte: <a href=\"http:\/\/coral.ufsm.br\/sementes\/images\/vigor.pdf\" target=\"_blank\" rel=\"noreferrer noopener\">UFMS<\/a>)<\/figcaption><\/figure>\n<\/div>\n\n\n<p>O lote A e B apresentam a mesma porcentagem de&nbsp; germina\u00e7\u00e3o, que \u00e9 o teste realizado em laborat\u00f3rio em condi\u00e7\u00f5es ideais.<\/p>\n\n\n\n<p>Se estes lotes forem semeados no campo, a porcentagem de emerg\u00eancia ser\u00e1 menor, principalmente para o lote B.<\/p>\n\n\n\n<p>Assim, em condi\u00e7\u00f5es muito desfavor\u00e1veis a emerg\u00eancia do lote B caiu 50%, isto est\u00e1 associado ao vigor.<\/p>\n\n\n\n<p>Dessa forma, para sementes de baixo vigor, quando em condi\u00e7\u00f5es desfavor\u00e1veis, ocorre uma grande redu\u00e7\u00e3o da germina\u00e7\u00e3o. Mas, para aquelas de alto vigor, grande parte das sementes conseguem tolerar os estresses, germinar e emergir adequadamente.<\/p>\n\n\n\n<figure class=\"wp-block-image size-full\"><a href=\"https:\/\/boosteragro.com\/pt\/monitoramento-climatico-v1\/?utm_source=agrosmart.com.br&amp;utm_medium=banner&amp;utm_campaign=blog_cta&amp;utm_id=blog&amp;utm_content=microclima\" target=\"_blank\" rel=\"noreferrer noopener\"><img loading=\"lazy\" decoding=\"async\" width=\"1000\" height=\"350\" src=\"https:\/\/boosteragro.com\/blog-po\/wp-content\/uploads\/2021\/12\/Banners-Blog-BoosterPROMonitoramento-Climatico-01-1.webp\" alt=\"Monitoramento microclima da lavoura com BoosterPRO - esta\u00e7\u00e3o meteorol\u00f3gica pluvi\u00f4metro digital\" class=\"wp-image-3050\" srcset=\"https:\/\/boosteragro.com\/blog-po\/wp-content\/uploads\/2021\/12\/Banners-Blog-BoosterPROMonitoramento-Climatico-01-1.webp 1000w, https:\/\/boosteragro.com\/blog-po\/wp-content\/uploads\/2021\/12\/Banners-Blog-BoosterPROMonitoramento-Climatico-01-1-300x105.webp 300w, https:\/\/boosteragro.com\/blog-po\/wp-content\/uploads\/2021\/12\/Banners-Blog-BoosterPROMonitoramento-Climatico-01-1-768x269.webp 768w\" sizes=\"auto, (max-width: 1000px) 100vw, 1000px\" \/><\/a><\/figure>\n\n\n\n<h2 class=\"wp-block-heading\">Fatores que interferem no vigor das sementes<\/h2>\n\n\n\n<p>A qualidade da semente come\u00e7a durante sua produ\u00e7\u00e3o em campo, e o vigor \u00e9 uma das caracter\u00edsticas que vai aumentando durante a matura\u00e7\u00e3o das sementes.<\/p>\n\n\n<div class=\"wp-block-image\">\n<figure class=\"aligncenter\"><img decoding=\"async\" src=\"https:\/\/lh4.googleusercontent.com\/qyvnNiFXzBDCbz3hNLpoaFwpAN81gn_WdI-Ha5mKeXtQZfPFE3cdA_AgdpTyfeV0gf9Bue2XxdQnNdMW1p28oKLJyBwN3WhKs5JPFKpQJhfSsRl6wSI20buK3JOR5-Dcz9aFVek=s0\" alt=\"Modifica\u00e7\u00f5es em algumas caracter\u00edsticas fisiol\u00f3gicas de sementes durante o processo de matura\u00e7\u00e3o\"\/><figcaption class=\"wp-element-caption\">Modifica\u00e7\u00f5es em algumas caracter\u00edsticas fisiol\u00f3gicas de sementes durante o processo de matura\u00e7\u00e3o (Fonte: <a href=\"https:\/\/seednews.com.br\/artigos\/2179-maturacao-de-sementes-edicao-novembro-2001\" target=\"_blank\" rel=\"noreferrer noopener nofollow\">Seed News<\/a>)<\/figcaption><\/figure>\n<\/div>\n\n\n<p>Desse modo, qualquer fator que interfira no processo de matura\u00e7\u00e3o afeta o vigor das sementes.<\/p>\n\n\n\n<p>Um desses fatores \u00e9 o ataque de pragas e doen\u00e7as durante a forma\u00e7\u00e3o das sementes e, no caso de sementes de soja, isso pode ocorrer por meio de percevejos e a mancha p\u00farpura.<\/p>\n\n\n<div class=\"wp-block-image\">\n<figure class=\"aligncenter\"><img decoding=\"async\" src=\"https:\/\/lh5.googleusercontent.com\/aTNmQ3SUGpeXE9SaBVG86PllLrWLshKJ-axKAruMTC5B5opUW3IDBAU7VjbuUIbqbcmUXw_gZbunn2-_LvZqXVekaK7SliH9sgWfOge2MMESwF6lc3V8gJgFarxHKOj0PRFr-Dk=s0\" alt=\"Sementes de soja com danos por percevejo e mancha p\u00farpura\"\/><figcaption class=\"wp-element-caption\">Sementes de soja com danos A- por percevejo e B- por <em>Cercospora kikuchii<\/em> causando mancha p\u00farpura. (Fonte: A, <a href=\"https:\/\/www.embrapa.br\/documents\/1355202\/1529289\/Diagn%C3%B3stico+da+qualidade+da+semente+de+soja+-+2015+16+-+Jos%C3%A9+de+Barros+Fran%C3%A7a+Neto.pdf\/20cfb75e-6900-d6f9-0c90-607d1d94dc34\" target=\"_blank\" rel=\"noreferrer noopener nofollow\">Embrapa<\/a>; B, <a href=\"https:\/\/www.agrolink.com.br\/problemas\/mancha-purpura-da-semente_1656.html\" target=\"_blank\" rel=\"noreferrer noopener nofollow\">Agrolink<\/a>)<\/figcaption><\/figure>\n<\/div>\n\n\n<p>Al\u00e9m disso, a falta de \u00e1gua durante o enchimento dos gr\u00e3os tamb\u00e9m afeta a qualidade das sementes e consequentemente o seu vigor.<\/p>\n\n\n\n<p>Todos estes fatores est\u00e3o ligados \u00e0 deteriora\u00e7\u00e3o das sementes.<\/p>\n\n\n\n<p>Vale destacar que, a deteriora\u00e7\u00e3o \u00e9 o oposto do vigor: quanto maior vigor, menor deteriora\u00e7\u00e3o e vice-versa.<\/p>\n\n\n\n<p>Assim, tudo que favorece a deteriora\u00e7\u00e3o de sementes reduz o seu vigor seja: no campo como os fatores citados acima; durante a colheita, com danos mec\u00e2nicos nas sementes devido \u00e0 m\u00e1 regulagem da colhedora; ou no beneficiamento e armazenamento inadequados.<\/p>\n\n\n<div class=\"wp-block-image\">\n<figure class=\"aligncenter is-resized\"><img loading=\"lazy\" decoding=\"async\" src=\"https:\/\/lh6.googleusercontent.com\/aMfIvVbIjbQiR72Hw7mvyOH9L3kTGc3hPUrAV6mzpsDNIwlixhkWi38MOuIdXDCNjj69V0PnXiXGtL9RUZIbsWz_zVE1RCVO-GSdKJjMxMcezrRQpcq4UWmsUIWVWFr6QZIeLYI=s0\" alt=\"Imagem demonstrando o dano mec\u00e2nico nas sementes e a forma\u00e7\u00e3o de uma pl\u00e2ntula anormal \" style=\"width:571px;height:115px\" width=\"571\" height=\"115\"\/><figcaption class=\"wp-element-caption\">A e B: vista do dano mec\u00e2nico nas sementes; C: raios-x da semente e D: pl\u00e2ntula anormal devido ao dano mec\u00e2nico.<br>(Fonte: <a href=\"https:\/\/www.scielo.br\/j\/rbs\/a\/jy3HVj4D7Ygfy53myZyHdLK\/?lang=pt\" target=\"_blank\" rel=\"noreferrer noopener\">C\u00edcero e colaboradores<\/a>)<\/figcaption><\/figure>\n<\/div>\n\n\n<h2 class=\"wp-block-heading\">A import\u00e2ncia de obter sementes de alta qualidade&nbsp;<\/h2>\n\n\n\n<p>As condi\u00e7\u00f5es em campo na \u00e9poca de semeadura nem sempre s\u00e3o adequadas, falta de chuvas ou excesso, altas ou baixas temperaturas, s\u00e3o algumas causas do atraso da semeadura.<\/p>\n\n\n\n<p>Para algumas culturas como a <a href=\"https:\/\/boosteragro.com\/blog-po\/plantio-de-soja-tudo-o-que-o-produtor-precisa-saber\/\" target=\"_blank\" rel=\"noreferrer noopener\">soja, que a \u00e9poca de semeadura<\/a> \u00e9 de grande import\u00e2ncia devido ao fotoper\u00edodo interferir diretamente na produ\u00e7\u00e3o, estas condi\u00e7\u00f5es desfavor\u00e1veis s\u00e3o um grande problema.<\/p>\n\n\n\n<p>Assim, utilizar sementes de alto vigor \u00e9 imprescind\u00edvel nestes momentos, para que as sementes toleram mais as condi\u00e7\u00f5es inadequadas em campo e consigam germinar e emergir uniformemente e garantir o estande adequado de plantas.<\/p>\n\n\n\n<p>Com o uso de sementes de baixo vigor, n\u00e3o ocorre somente preju\u00edzos na velocidade de germina\u00e7\u00e3o e emerg\u00eancia, mas tamb\u00e9m em outros fatores como:<\/p>\n\n\n\n<ul class=\"wp-block-list\">\n<li>Maior sensibilidade ao estresse;<\/li>\n\n\n\n<li>Desuniformidade do estande;<\/li>\n\n\n\n<li>Falhas no estande, o que favorece o desenvolvimento de plantas daninhas;<\/li>\n\n\n\n<li>Plantas com crescimento diferenciados, causando plantas dominadas, que ficam menores e produzem menos gr\u00e3os ou nem produzem;<\/li>\n\n\n\n<li>Plantas dominadas competem por \u00e1gua, luz e nutrientes;<\/li>\n\n\n\n<li>Redu\u00e7\u00e3o da produ\u00e7\u00e3o;<\/li>\n<\/ul>\n\n\n<div class=\"wp-block-image\">\n<figure class=\"aligncenter is-resized\"><img loading=\"lazy\" decoding=\"async\" src=\"https:\/\/lh5.googleusercontent.com\/lM4DWa_N0fhsOMp8k6UXSdgs-JWRI__kY7Vewt6I-yVz6XIeUAHev539gIA-HE4muoFk_hyggjguwsZkW9KIslHvjaQ_3t2DDhh9XtMbTDziJuRzZ1QbUvYhkxnOqo9Zq0470Lk=s0\" alt=\"Tabela demonstrando o efeito do vigor sobre a produ\u00e7\u00e3o individual e produtividade da soja\" style=\"width:647px;height:161px\" width=\"647\" height=\"161\"\/><figcaption class=\"wp-element-caption\">Efeito do vigor sobre a produ\u00e7\u00e3o individual e produtividade da soja. (Fonte: <a href=\"https:\/\/docplayer.com.br\/59251181-Vigor-da-semente-e-o-seu-desempenho-fisiologico-e-agronomico-jose-de-barros-franca-neto-embrapa-soja-londrina-pr.html\" target=\"_blank\" rel=\"noreferrer noopener\">Embrapa<\/a>)<\/figcaption><\/figure>\n<\/div>\n\n\n<h2 class=\"wp-block-heading\">Como avaliar o vigor do lote de sementes adquirido?<\/h2>\n\n\n\n<p>As sementes, ao serem comercializadas, apresentam na embalagem o r\u00f3tulo com algumas informa\u00e7\u00f5es sobre o lote de sementes, como por exemplo, a porcentagem de germina\u00e7\u00e3o m\u00ednima.<\/p>\n\n\n\n<p>\u00c9 uma exig\u00eancia da lei que estes dados sejam apresentados, mas o vigor das sementes n\u00e3o est\u00e1 entre eles.<\/p>\n\n\n\n<p>Entretanto, devido a necessidade de obter sementes de alta qualidade com maior vigor, as empresas buscam realizar alguns testes de vigor, para garantir que as sementes vendidas apresentem o padr\u00e3o desejado pelos produtores.<\/p>\n\n\n\n<p>Testes como o envelhecimento acelerado s\u00e3o realizados para sementes de soja, milho e trigo, por exemplo. O teste de frio \u00e9 realizado geralmente para gram\u00edneas como arroz, milho e trigo.<\/p>\n\n\n\n<p>Outro teste que \u00e9 bastante utilizado, principalmente, em empresas produtoras de soja e milho \u00e9 o teste de tetraz\u00f3lio, podendo ser feito em outras culturas como feij\u00e3o, trigo etc.<\/p>\n\n\n<div class=\"wp-block-image\">\n<figure class=\"aligncenter\"><img decoding=\"async\" src=\"https:\/\/lh6.googleusercontent.com\/1kdOhfoDIUiyb_fk53tDlo4u2m1LmrzecpRg8vQEauNW2v2QMHdI8qaRi4Pq-uaqttcvU7LQQCZyNfbmQEvB12L-6na2hqku5PY0GcNQgxSLypEHUu1XgkS0Jni1Y0l49U5QeRw=s0\" alt=\"Teste de tetraz\u00f3lio em sementes de milho\"\/><figcaption class=\"wp-element-caption\">Teste de tetraz\u00f3lio em sementes de milho. (Fonte: <a href=\"http:\/\/www.conceitoagronomico.com.br\/laboratorio-de-sementes\/\" target=\"_blank\" rel=\"noreferrer noopener nofollow\">Conceito Agron\u00f4mico<\/a>)<\/figcaption><\/figure>\n<\/div>\n\n\n<p>O importante \u00e9 garantir que a qualidade das sementes se mantenha durante o armazenamento.<\/p>\n\n\n\n<p>Por isso, as empresas realizam os testes antes de armazenar e durante o armazenamento, para garantir que n\u00e3o tenha ocorrido deteriora\u00e7\u00e3o das sementes neste per\u00edodo.<\/p>\n\n\n\n<p>Entretanto, estes testes precisam ser realizados em laborat\u00f3rios. Assim, \u00e9 poss\u00edvel enviar uma amostra das suas sementes para um laborat\u00f3rio credenciado para que l\u00e1 sejam feitas estas an\u00e1lises.<\/p>\n\n\n\n<p>Em sua propriedade, voc\u00ea consegue verificar a qualidade da sua semente realizando o teste de emerg\u00eancia em um canteiro.<\/p>\n\n\n\n<figure class=\"wp-block-image size-full\"><a href=\"https:\/\/boosteragro.com\/?utm_source=boosteragro.com%2Fblog-po&amp;utm_medium=banner&amp;utm_campaign=blog_cta&amp;utm_id=blog&amp;utm_content=downloadapp\" target=\"_blank\" rel=\"noreferrer noopener\"><img loading=\"lazy\" decoding=\"async\" width=\"1000\" height=\"350\" src=\"https:\/\/boosteragro.com\/blog-po\/wp-content\/uploads\/2023\/07\/Banner-Blog-BoosterAGRO-GIF.gif\" alt=\"BoosterAGRO app comparador de previs\u00e3o do tempo\" class=\"wp-image-3044\"\/><\/a><\/figure>\n\n\n\n<h2 class=\"wp-block-heading\">Conclus\u00e3o<\/h2>\n\n\n\n<p>Neste artigo vimos que o vigor de sementes influencia em diversos momentos da produ\u00e7\u00e3o, principalmente na forma\u00e7\u00e3o de estantes.<\/p>\n\n\n\n<p>Por isso, a deteriora\u00e7\u00e3o \u00e9 um processo que afeta diretamente o vigor, e pode se iniciar: durante a matura\u00e7\u00e3o da semente; pela a\u00e7\u00e3o do clima; manejo inadequado no campo; m\u00e1 regulagem de m\u00e1quinas; beneficiamento; ou at\u00e9 armazenamento inapropriado.<\/p>\n\n\n\n<p>Al\u00e9m disso, vimos que o uso de sementes de baixo vigor e as condi\u00e7\u00f5es inadequadas durante o desenvolvimento inicial, podem levar \u00e0 redu\u00e7\u00e3o da produtividade na lavoura.<\/p>\n\n\n\n<p>Assim, as empresas realizam testes para assegurar a qualidade de sua semente. Entre eles est\u00e3o os testes de vigor, que voc\u00ea pode realizar em sua propriedade para analisar a sua semente.&nbsp;<\/p>\n\n\n\n<hr class=\"wp-block-separator has-css-opacity is-style-dots\"\/>\n\n\n\n<p><strong>Refer\u00eancias <\/strong><\/p>\n\n\n\n<p>FRANCO, D. F.; DE MAGALHAES JUNIOR, A. M.; VAZ, C.; RIBEIRO, P. Testes de Vigor<\/p>\n\n\n\n<p>em Sementes de Soja. Embrapa Clima Temperado-Comunicado T\u00e9cnico (INFOTECA-E),<\/p>\n\n\n\n<p>2013.Dispon\u00edvel em: <a href=\"https:\/\/ainfo.cnptia.embrapa.br\/digital\/bitstream\/item\/105248\/1\/Comunicado-299.pdf\">https:\/\/ainfo.cnptia.embrapa.br\/digital\/bitstream\/item\/105248\/1\/Comunicado-299.pdf<\/a><\/p>\n","protected":false},"excerpt":{"rendered":"<p>Entenda o que \u00e9 o &#8216;vigor de sementes&#8217;, qual a sua import\u00e2ncia na semeadura e como avali\u00e1-lo. A forma\u00e7\u00e3o de um estande de plantas r\u00e1pido e uniforme \u00e9 o desejo de todo produtor no in\u00edcio de cada safra. Isto est\u00e1 diretamente relacionado \u00e0 qualidade da semente, que \u00e9 composta por quatro atributos: gen\u00e9tico, f\u00edsico, sanit\u00e1rio [&hellip;]<\/p>\n","protected":false},"author":8,"featured_media":1766,"comment_status":"closed","ping_status":"closed","sticky":false,"template":"","format":"standard","meta":{"om_disable_all_campaigns":false,"footnotes":""},"categories":[13],"tags":[45,39,19,55,71,18],"class_list":["post-1765","post","type-post","status-publish","format-standard","has-post-thumbnail","hentry","category-cultivo-artigos","tag-graos","tag-manejo","tag-milho","tag-plantio","tag-semeadura","tag-soja"],"yoast_head":"<!-- This site is optimized with the Yoast SEO plugin v20.4 - https:\/\/yoast.com\/wordpress\/plugins\/seo\/ -->\n<title>Vigor de sementes: ser\u00e1 que \u00e9 realmente importante? - BoosterAgro Blog<\/title>\n<meta name=\"description\" content=\"Veja como o vigor de sementes pode colaborar para um estande mais uniforme e melhorar ou reduzir os resultados da sua lavoura\" \/>\n<meta name=\"robots\" content=\"index, follow, max-snippet:-1, max-image-preview:large, max-video-preview:-1\" \/>\n<link rel=\"canonical\" href=\"https:\/\/boosteragro.com\/blog-po\/o-que-e-vigor-de-sementes\/\" \/>\n<meta property=\"og:locale\" content=\"pt_BR\" \/>\n<meta property=\"og:type\" content=\"article\" \/>\n<meta property=\"og:title\" content=\"Vigor de sementes: ser\u00e1 que \u00e9 realmente importante? - BoosterAgro Blog\" \/>\n<meta property=\"og:description\" content=\"Veja como o vigor de sementes pode colaborar para um estande mais uniforme e melhorar ou reduzir os resultados da sua lavoura\" \/>\n<meta property=\"og:url\" content=\"https:\/\/boosteragro.com\/blog-po\/o-que-e-vigor-de-sementes\/\" \/>\n<meta property=\"og:site_name\" content=\"BoosterAgro Blog\" \/>\n<meta property=\"article:published_time\" content=\"2021-10-20T12:13:33+00:00\" \/>\n<meta property=\"article:modified_time\" content=\"2023-08-09T16:28:14+00:00\" \/>\n<meta property=\"og:image\" content=\"https:\/\/boosteragro.com\/blog-po\/wp-content\/uploads\/2021\/10\/sementes-soja.jpg\" \/>\n\t<meta property=\"og:image:width\" content=\"970\" \/>\n\t<meta property=\"og:image:height\" content=\"453\" \/>\n\t<meta property=\"og:image:type\" content=\"image\/jpeg\" \/>\n<meta name=\"author\" content=\"Carina Oliveira\" \/>\n<meta name=\"twitter:card\" content=\"summary_large_image\" \/>\n<meta name=\"twitter:label1\" content=\"Escrito por\" \/>\n\t<meta name=\"twitter:data1\" content=\"Carina Oliveira\" \/>\n\t<meta name=\"twitter:label2\" content=\"Est. tempo de leitura\" \/>\n\t<meta name=\"twitter:data2\" content=\"8 minutos\" \/>\n<script type=\"application\/ld+json\" class=\"yoast-schema-graph\">{\"@context\":\"https:\/\/schema.org\",\"@graph\":[{\"@type\":\"Article\",\"@id\":\"https:\/\/boosteragro.com\/blog-po\/o-que-e-vigor-de-sementes\/#article\",\"isPartOf\":{\"@id\":\"https:\/\/boosteragro.com\/blog-po\/o-que-e-vigor-de-sementes\/\"},\"author\":{\"name\":\"Carina Oliveira\",\"@id\":\"https:\/\/boosteragro.com\/blog-po\/#\/schema\/person\/9e8ceff31161cd743ce9c2c12f89ff24\"},\"headline\":\"Vigor de sementes: ser\u00e1 que \u00e9 realmente importante?\",\"datePublished\":\"2021-10-20T12:13:33+00:00\",\"dateModified\":\"2023-08-09T16:28:14+00:00\",\"mainEntityOfPage\":{\"@id\":\"https:\/\/boosteragro.com\/blog-po\/o-que-e-vigor-de-sementes\/\"},\"wordCount\":1395,\"publisher\":{\"@id\":\"https:\/\/boosteragro.com\/blog-po\/#organization\"},\"keywords\":[\"gr\u00e3os\",\"Manejo\",\"milho\",\"Plantio\",\"Semeadura\",\"soja\"],\"articleSection\":[\"Cultivo\"],\"inLanguage\":\"pt-BR\"},{\"@type\":\"WebPage\",\"@id\":\"https:\/\/boosteragro.com\/blog-po\/o-que-e-vigor-de-sementes\/\",\"url\":\"https:\/\/boosteragro.com\/blog-po\/o-que-e-vigor-de-sementes\/\",\"name\":\"Vigor de sementes: ser\u00e1 que \u00e9 realmente importante? - BoosterAgro Blog\",\"isPartOf\":{\"@id\":\"https:\/\/boosteragro.com\/blog-po\/#website\"},\"datePublished\":\"2021-10-20T12:13:33+00:00\",\"dateModified\":\"2023-08-09T16:28:14+00:00\",\"description\":\"Veja como o vigor de sementes pode colaborar para um estande mais uniforme e melhorar ou reduzir os resultados da sua lavoura\",\"breadcrumb\":{\"@id\":\"https:\/\/boosteragro.com\/blog-po\/o-que-e-vigor-de-sementes\/#breadcrumb\"},\"inLanguage\":\"pt-BR\",\"potentialAction\":[{\"@type\":\"ReadAction\",\"target\":[\"https:\/\/boosteragro.com\/blog-po\/o-que-e-vigor-de-sementes\/\"]}]},{\"@type\":\"BreadcrumbList\",\"@id\":\"https:\/\/boosteragro.com\/blog-po\/o-que-e-vigor-de-sementes\/#breadcrumb\",\"itemListElement\":[{\"@type\":\"ListItem\",\"position\":1,\"name\":\"Home\",\"item\":\"https:\/\/boosteragro.com\/blog-po\/\"},{\"@type\":\"ListItem\",\"position\":2,\"name\":\"Vigor de sementes: ser\u00e1 que \u00e9 realmente importante?\"}]},{\"@type\":\"WebSite\",\"@id\":\"https:\/\/boosteragro.com\/blog-po\/#website\",\"url\":\"https:\/\/boosteragro.com\/blog-po\/\",\"name\":\"BoosterAgro Blog\",\"description\":\"Os principais conte\u00fados para o dia a dia no campo\",\"publisher\":{\"@id\":\"https:\/\/boosteragro.com\/blog-po\/#organization\"},\"potentialAction\":[{\"@type\":\"SearchAction\",\"target\":{\"@type\":\"EntryPoint\",\"urlTemplate\":\"https:\/\/boosteragro.com\/blog-po\/?s={search_term_string}\"},\"query-input\":\"required name=search_term_string\"}],\"inLanguage\":\"pt-BR\"},{\"@type\":\"Organization\",\"@id\":\"https:\/\/boosteragro.com\/blog-po\/#organization\",\"name\":\"BoosterAgro\",\"url\":\"https:\/\/boosteragro.com\/blog-po\/\",\"logo\":{\"@type\":\"ImageObject\",\"inLanguage\":\"pt-BR\",\"@id\":\"https:\/\/boosteragro.com\/blog-po\/#\/schema\/logo\/image\/\",\"url\":\"https:\/\/boosteragro.com\/blog-po\/wp-content\/uploads\/2021\/07\/Logotipo-BoosterAgro180px.png\",\"contentUrl\":\"https:\/\/boosteragro.com\/blog-po\/wp-content\/uploads\/2021\/07\/Logotipo-BoosterAgro180px.png\",\"width\":180,\"height\":36,\"caption\":\"BoosterAgro\"},\"image\":{\"@id\":\"https:\/\/boosteragro.com\/blog-po\/#\/schema\/logo\/image\/\"},\"sameAs\":[\"https:\/\/www.instagram.com\/boosteragro_brasil\/\"]},{\"@type\":\"Person\",\"@id\":\"https:\/\/boosteragro.com\/blog-po\/#\/schema\/person\/9e8ceff31161cd743ce9c2c12f89ff24\",\"name\":\"Carina Oliveira\",\"image\":{\"@type\":\"ImageObject\",\"inLanguage\":\"pt-BR\",\"@id\":\"https:\/\/boosteragro.com\/blog-po\/#\/schema\/person\/image\/\",\"url\":\"https:\/\/secure.gravatar.com\/avatar\/e96fc36b88fe79772e54c32326d94b960eb08ee3de6a6fd4059cea491dce9e84?s=96&d=mm&r=g\",\"contentUrl\":\"https:\/\/secure.gravatar.com\/avatar\/e96fc36b88fe79772e54c32326d94b960eb08ee3de6a6fd4059cea491dce9e84?s=96&d=mm&r=g\",\"caption\":\"Carina Oliveira\"},\"description\":\"Engenheira agr\u00f4noma formada pela Universidade Estadual Paulista (Unesp), mestre em Sistemas de Produ\u00e7\u00e3o pela Universidade Estadual Paulista (Unesp) e doutora em Fitotecnia Escola Superior de Agricultura \\\"Luiz de Queiroz\\\" (ESALQ\/USP).\",\"sameAs\":[\"www.linkedin.com\/in\/carina-oliveira-e-oliveira-54619866\"],\"url\":\"https:\/\/boosteragro.com\/blog-po\/author\/carina-oliveira\/\"}]}<\/script>\n<!-- \/ Yoast SEO plugin. -->","yoast_head_json":{"title":"Vigor de sementes: ser\u00e1 que \u00e9 realmente importante? - BoosterAgro Blog","description":"Veja como o vigor de sementes pode colaborar para um estande mais uniforme e melhorar ou reduzir os resultados da sua lavoura","robots":{"index":"index","follow":"follow","max-snippet":"max-snippet:-1","max-image-preview":"max-image-preview:large","max-video-preview":"max-video-preview:-1"},"canonical":"https:\/\/boosteragro.com\/blog-po\/o-que-e-vigor-de-sementes\/","og_locale":"pt_BR","og_type":"article","og_title":"Vigor de sementes: ser\u00e1 que \u00e9 realmente importante? - BoosterAgro Blog","og_description":"Veja como o vigor de sementes pode colaborar para um estande mais uniforme e melhorar ou reduzir os resultados da sua lavoura","og_url":"https:\/\/boosteragro.com\/blog-po\/o-que-e-vigor-de-sementes\/","og_site_name":"BoosterAgro Blog","article_published_time":"2021-10-20T12:13:33+00:00","article_modified_time":"2023-08-09T16:28:14+00:00","og_image":[{"width":970,"height":453,"url":"https:\/\/boosteragro.com\/blog-po\/wp-content\/uploads\/2021\/10\/sementes-soja.jpg","type":"image\/jpeg"}],"author":"Carina Oliveira","twitter_card":"summary_large_image","twitter_misc":{"Escrito por":"Carina Oliveira","Est. tempo de leitura":"8 minutos"},"schema":{"@context":"https:\/\/schema.org","@graph":[{"@type":"Article","@id":"https:\/\/boosteragro.com\/blog-po\/o-que-e-vigor-de-sementes\/#article","isPartOf":{"@id":"https:\/\/boosteragro.com\/blog-po\/o-que-e-vigor-de-sementes\/"},"author":{"name":"Carina Oliveira","@id":"https:\/\/boosteragro.com\/blog-po\/#\/schema\/person\/9e8ceff31161cd743ce9c2c12f89ff24"},"headline":"Vigor de sementes: ser\u00e1 que \u00e9 realmente importante?","datePublished":"2021-10-20T12:13:33+00:00","dateModified":"2023-08-09T16:28:14+00:00","mainEntityOfPage":{"@id":"https:\/\/boosteragro.com\/blog-po\/o-que-e-vigor-de-sementes\/"},"wordCount":1395,"publisher":{"@id":"https:\/\/boosteragro.com\/blog-po\/#organization"},"keywords":["gr\u00e3os","Manejo","milho","Plantio","Semeadura","soja"],"articleSection":["Cultivo"],"inLanguage":"pt-BR"},{"@type":"WebPage","@id":"https:\/\/boosteragro.com\/blog-po\/o-que-e-vigor-de-sementes\/","url":"https:\/\/boosteragro.com\/blog-po\/o-que-e-vigor-de-sementes\/","name":"Vigor de sementes: ser\u00e1 que \u00e9 realmente importante? - BoosterAgro Blog","isPartOf":{"@id":"https:\/\/boosteragro.com\/blog-po\/#website"},"datePublished":"2021-10-20T12:13:33+00:00","dateModified":"2023-08-09T16:28:14+00:00","description":"Veja como o vigor de sementes pode colaborar para um estande mais uniforme e melhorar ou reduzir os resultados da sua lavoura","breadcrumb":{"@id":"https:\/\/boosteragro.com\/blog-po\/o-que-e-vigor-de-sementes\/#breadcrumb"},"inLanguage":"pt-BR","potentialAction":[{"@type":"ReadAction","target":["https:\/\/boosteragro.com\/blog-po\/o-que-e-vigor-de-sementes\/"]}]},{"@type":"BreadcrumbList","@id":"https:\/\/boosteragro.com\/blog-po\/o-que-e-vigor-de-sementes\/#breadcrumb","itemListElement":[{"@type":"ListItem","position":1,"name":"Home","item":"https:\/\/boosteragro.com\/blog-po\/"},{"@type":"ListItem","position":2,"name":"Vigor de sementes: ser\u00e1 que \u00e9 realmente importante?"}]},{"@type":"WebSite","@id":"https:\/\/boosteragro.com\/blog-po\/#website","url":"https:\/\/boosteragro.com\/blog-po\/","name":"BoosterAgro Blog","description":"Os principais conte\u00fados para o dia a dia no campo","publisher":{"@id":"https:\/\/boosteragro.com\/blog-po\/#organization"},"potentialAction":[{"@type":"SearchAction","target":{"@type":"EntryPoint","urlTemplate":"https:\/\/boosteragro.com\/blog-po\/?s={search_term_string}"},"query-input":"required name=search_term_string"}],"inLanguage":"pt-BR"},{"@type":"Organization","@id":"https:\/\/boosteragro.com\/blog-po\/#organization","name":"BoosterAgro","url":"https:\/\/boosteragro.com\/blog-po\/","logo":{"@type":"ImageObject","inLanguage":"pt-BR","@id":"https:\/\/boosteragro.com\/blog-po\/#\/schema\/logo\/image\/","url":"https:\/\/boosteragro.com\/blog-po\/wp-content\/uploads\/2021\/07\/Logotipo-BoosterAgro180px.png","contentUrl":"https:\/\/boosteragro.com\/blog-po\/wp-content\/uploads\/2021\/07\/Logotipo-BoosterAgro180px.png","width":180,"height":36,"caption":"BoosterAgro"},"image":{"@id":"https:\/\/boosteragro.com\/blog-po\/#\/schema\/logo\/image\/"},"sameAs":["https:\/\/www.instagram.com\/boosteragro_brasil\/"]},{"@type":"Person","@id":"https:\/\/boosteragro.com\/blog-po\/#\/schema\/person\/9e8ceff31161cd743ce9c2c12f89ff24","name":"Carina Oliveira","image":{"@type":"ImageObject","inLanguage":"pt-BR","@id":"https:\/\/boosteragro.com\/blog-po\/#\/schema\/person\/image\/","url":"https:\/\/secure.gravatar.com\/avatar\/e96fc36b88fe79772e54c32326d94b960eb08ee3de6a6fd4059cea491dce9e84?s=96&d=mm&r=g","contentUrl":"https:\/\/secure.gravatar.com\/avatar\/e96fc36b88fe79772e54c32326d94b960eb08ee3de6a6fd4059cea491dce9e84?s=96&d=mm&r=g","caption":"Carina Oliveira"},"description":"Engenheira agr\u00f4noma formada pela Universidade Estadual Paulista (Unesp), mestre em Sistemas de Produ\u00e7\u00e3o pela Universidade Estadual Paulista (Unesp) e doutora em Fitotecnia Escola Superior de Agricultura \"Luiz de Queiroz\" (ESALQ\/USP).","sameAs":["www.linkedin.com\/in\/carina-oliveira-e-oliveira-54619866"],"url":"https:\/\/boosteragro.com\/blog-po\/author\/carina-oliveira\/"}]}},"_links":{"self":[{"href":"https:\/\/boosteragro.com\/blog-po\/wp-json\/wp\/v2\/posts\/1765","targetHints":{"allow":["GET"]}}],"collection":[{"href":"https:\/\/boosteragro.com\/blog-po\/wp-json\/wp\/v2\/posts"}],"about":[{"href":"https:\/\/boosteragro.com\/blog-po\/wp-json\/wp\/v2\/types\/post"}],"author":[{"embeddable":true,"href":"https:\/\/boosteragro.com\/blog-po\/wp-json\/wp\/v2\/users\/8"}],"replies":[{"embeddable":true,"href":"https:\/\/boosteragro.com\/blog-po\/wp-json\/wp\/v2\/comments?post=1765"}],"version-history":[{"count":6,"href":"https:\/\/boosteragro.com\/blog-po\/wp-json\/wp\/v2\/posts\/1765\/revisions"}],"predecessor-version":[{"id":3098,"href":"https:\/\/boosteragro.com\/blog-po\/wp-json\/wp\/v2\/posts\/1765\/revisions\/3098"}],"wp:featuredmedia":[{"embeddable":true,"href":"https:\/\/boosteragro.com\/blog-po\/wp-json\/wp\/v2\/media\/1766"}],"wp:attachment":[{"href":"https:\/\/boosteragro.com\/blog-po\/wp-json\/wp\/v2\/media?parent=1765"}],"wp:term":[{"taxonomy":"category","embeddable":true,"href":"https:\/\/boosteragro.com\/blog-po\/wp-json\/wp\/v2\/categories?post=1765"},{"taxonomy":"post_tag","embeddable":true,"href":"https:\/\/boosteragro.com\/blog-po\/wp-json\/wp\/v2\/tags?post=1765"}],"curies":[{"name":"wp","href":"https:\/\/api.w.org\/{rel}","templated":true}]}}