{"id":2923,"date":"2022-08-11T11:07:28","date_gmt":"2022-08-11T14:07:28","guid":{"rendered":"https:\/\/boosteragro.com\/blog-po\/?p=2923"},"modified":"2022-08-16T14:17:12","modified_gmt":"2022-08-16T17:17:12","slug":"evapotranspiracao-no-brasil","status":"publish","type":"post","link":"https:\/\/boosteragro.com\/blog-po\/evapotranspiracao-no-brasil\/","title":{"rendered":"Entenda a evapotranspira\u00e7\u00e3o no Brasil e a disponibilidade h\u00eddrica"},"content":{"rendered":"\n<p><strong><em>Conhe\u00e7a o padr\u00e3o de evapotranspira\u00e7\u00e3o e precipita\u00e7\u00e3o no Brasil e sua rela\u00e7\u00e3o com a disponibilidade h\u00eddrica, e entenda como isso afeta a agricultura <\/em><\/strong><\/p>\n\n\n\n<p>O abastecimento de \u00e1gua pela precipita\u00e7\u00e3o e a perda de \u00e1gua por evapotranspira\u00e7\u00e3o s\u00e3o os principais fatores para determinar a <strong>disponibilidade h\u00eddrica<\/strong> de uma regi\u00e3o. <\/p>\n\n\n\n<p>Como a disponibilidade adequada de \u00e1gua no solo <strong>\u00e9 um dos fatores limitantes<\/strong> <strong>para uma boa produ\u00e7\u00e3o agr\u00edcola<\/strong>, \u00e9 fundamental conhecer o regime de chuva e evapotranspira\u00e7\u00e3o. <\/p>\n\n\n\n<p>Assim, com essas informa\u00e7\u00f5es em m\u00e3os \u00e9 poss\u00edvel at\u00e9 <strong>verificar a necessidade de utiliza\u00e7\u00e3o de<\/strong> <strong>irriga\u00e7\u00e3o<\/strong> como alternativa para fornecer a quantidade de \u00e1gua necess\u00e1ria para manter a disponibilidade h\u00eddrica no solo em n\u00edveis ideais.<\/p>\n\n\n\n<p>Ent\u00e3o, continue a leitura e saiba mais a respeito!<\/p>\n\n\n\n<h2 class=\"wp-block-heading\">O que \u00e9 evapotranspira\u00e7\u00e3o?<\/h2>\n\n\n\n<p>De forma geral, a evapotranspira\u00e7\u00e3o \u00e9 perda de \u00e1gua da superf\u00edcie terrestre para a atmosfera pelo processo simult\u00e2neo de <strong>evapora\u00e7\u00e3o da \u00e1gua do solo e de transpira\u00e7\u00e3o das plantas<\/strong>. <\/p>\n\n\n\n<p>Como a evapotranspira\u00e7\u00e3o \u00e9 um processo que ocorre diariamente, \u00e9 invi\u00e1vel distinguir os processos de evapora\u00e7\u00e3o e transpira\u00e7\u00e3o no dia a dia. Por isso, geralmente eles s\u00e3o contabilizados juntos.&nbsp;<\/p>\n\n\n\n<p>No entanto, dependendo das condi\u00e7\u00f5es da vegeta\u00e7\u00e3o, do tamanho da \u00e1rea e das condi\u00e7\u00f5es de \u00e1gua no solo, \u00e9 poss\u00edvel haver 4 tipos de evapotranspira\u00e7\u00e3o diferentes:<\/p>\n\n\n\n<h3 class=\"wp-block-heading\">1. Evapotranspira\u00e7\u00e3o potencial (ETp) ou de refer\u00eancia (ETo)<\/h3>\n\n\n\n<p>\u00c9 a quantidade de \u00e1gua transferida para a atmosfera, resultante do processo somado de transpira\u00e7\u00e3o e evapora\u00e7\u00e3o; considerando uma superf\u00edcie ampla, com uma <strong>cultura rasteira em pleno desenvolvimento<\/strong> e com <strong>solo sem restri\u00e7\u00e3o h\u00eddrica<\/strong>.<\/p>\n\n\n<div class=\"wp-block-image\">\n<figure class=\"aligncenter is-resized\"><img loading=\"lazy\" decoding=\"async\" src=\"https:\/\/lh3.googleusercontent.com\/1FNr7pFgJsPf3hg7kmUETFCRLwPUO_OKO6juLYb736u941vYYfsRok7vi6Z4bjt-K2pzWKVxycj1WKLahgk3qViIsqoXl1nOLxq66W0c0sTPITmoHORo2wST9CtUSUFoBVIkrqjvQ8y0GvKPXeMDxg\" alt=\"Evapotranspira\u00e7\u00e3o potencial (ETp) ou de refer\u00eancia (ETo)\" width=\"545\" height=\"390\"\/><figcaption>Exemplifica\u00e7\u00e3o da ETp ou ETo: Condi\u00e7\u00f5es meteorol\u00f3gicas, Cultura de refer\u00eancia e Solo sem restri\u00e7\u00e3o h\u00eddrica (Fonte: Santos, 2022)<\/figcaption><\/figure>\n<\/div>\n\n\n<h3 class=\"wp-block-heading\">2. Evapotranspira\u00e7\u00e3o real (ETR)<\/h3>\n\n\n\n<p>\u00c9 a quantidade de \u00e1gua transferida para a atmosfera, resultante do processo somado de transpira\u00e7\u00e3o e evapora\u00e7\u00e3o; considerando uma superf\u00edcie ampla e com uma <strong>cultura rasteira em pleno desenvolvimento<\/strong>. <\/p>\n\n\n\n<p>Por\u00e9m, diferentemente da ETp ou ETo, considera condi\u00e7\u00f5es reais de umidade do solo, ou seja, \u00e9 contabilizada em <strong>condi\u00e7\u00f5es de solo com ou sem restri\u00e7\u00e3o h\u00eddrica<\/strong>.<\/p>\n\n\n<div class=\"wp-block-image\">\n<figure class=\"aligncenter is-resized\"><img loading=\"lazy\" decoding=\"async\" src=\"https:\/\/lh4.googleusercontent.com\/qZ6OONHYYNSIVYhh0ZHUh7dZu77U0SvokQvY2lp0oyBFOAj8lHMvsBekjAzs__0ZdqASPV4Ki6_giwhgwaQrLH3aDVDzuOk3WiL_isoI7HgMOXxlD5DWA1AGWYCn2oCA-pv7olTN_omAgY3bAOblAg\" alt=\"Evapotranspira\u00e7\u00e3o real (ETR)\n\" width=\"545\" height=\"389\"\/><figcaption>Exemplifica\u00e7\u00e3o da ETR: Condi\u00e7\u00f5es meteorol\u00f3gicas, Cultura de refer\u00eancia e Solo com ou sem restri\u00e7\u00e3o h\u00eddrica (Fonte: Santos, 2022)<\/figcaption><\/figure>\n<\/div>\n\n\n<h3 class=\"wp-block-heading\">3. Evapotranspira\u00e7\u00e3o de O\u00e1sis (ETO)<\/h3>\n\n\n\n<p>\u00c9 a quantidade de \u00e1gua transferida para a atmosfera, resultante do processo somado de transpira\u00e7\u00e3o e evapora\u00e7\u00e3o; considerando uma <strong>\u00e1rea vegetada e irrigada<\/strong>, <strong>que tem ao redor uma \u00e1rea seca<\/strong>, ou seja, sem a presen\u00e7a de \u00e1rea de bordadura.<\/p>\n\n\n<div class=\"wp-block-image\">\n<figure class=\"aligncenter is-resized\"><img loading=\"lazy\" decoding=\"async\" src=\"https:\/\/lh6.googleusercontent.com\/nU2F6FlwhbWmugNLrbvc9aT2PORTAAqWfQkCFoGJXjeNnar9_4YwR4tYTOlAP6a0KeQrA_TGpSU79_nlSkcIuejGtjUtPB04VqpL7w12ScFszBrYy2d7RXor-njDYD0V90AC0Hd_wqZd-RTR8lKjzg\" alt=\"Evapotranspira\u00e7\u00e3o de O\u00e1sis (ETO)\" width=\"544\" height=\"389\"\/><figcaption>Exemplifica\u00e7\u00e3o da ETO: Condi\u00e7\u00f5es meteorol\u00f3gicas, \u00c1rea vegetada com umidade e \u00c1rea n\u00e3o vegetada seca (Fonte: Santos, 2022)<\/figcaption><\/figure>\n<\/div>\n\n\n<h3 class=\"wp-block-heading\">4. Evapotranspira\u00e7\u00e3o da cultura (ETc)<\/h3>\n\n\n\n<p>\u00c9 a quantidade de \u00e1gua transferida para a atmosfera, resultante do processo somado de transpira\u00e7\u00e3o e evapora\u00e7\u00e3o; considerando <strong>a demanda h\u00eddrica espec\u00edfica da fase de desenvolvimento no qual a cultura se encontra<\/strong> e considerando o <strong>solo sem restri\u00e7\u00e3o h\u00eddrica<\/strong>.<\/p>\n\n\n<div class=\"wp-block-image\">\n<figure class=\"aligncenter is-resized\"><img loading=\"lazy\" decoding=\"async\" src=\"https:\/\/lh4.googleusercontent.com\/wgVAlYl7Kx-RRRRfdTUhek44GkkU2ubNtt2boCYscrqlkfCyooypr5DSpfPE6ZxiZFBeAuLwp8N9TFu0r8Aoj_edz4_fRpHYGejkx0eL5PUziYtFBWqmvnlmUlpwB6N4mR2Lbh1hMYvepLYEJSrhVQ\" alt=\"Evapotranspira\u00e7\u00e3o da cultura (ETc)\" width=\"545\" height=\"389\"\/><figcaption>Exemplifica\u00e7\u00e3o da ETc: Condi\u00e7\u00f5es meteorol\u00f3gicas, Demanda h\u00eddrica espec\u00edfica para a fase de desenvolvimento da cultura (Kc) e Solo sem restri\u00e7\u00e3o h\u00eddrica (Fonte: Santos, 2022)<\/figcaption><\/figure>\n<\/div>\n\n\n<h2 class=\"wp-block-heading\">Como estimar a evapotranspira\u00e7\u00e3o no Brasil?<\/h2>\n\n\n\n<p>Assim como existem diferentes tipos de evapotranspira\u00e7\u00e3o, h\u00e1 tamb\u00e9m <strong>metodologias diferentes para estim\u00e1-la<\/strong>. <\/p>\n\n\n\n<p>N\u00e3o existe uma metodologia melhor ou pior. Portanto, antes de escolher o m\u00e9todo de estimativa de evapotranspira\u00e7\u00e3o veja qual se adequa melhor para a sua situa\u00e7\u00e3o.&nbsp;<\/p>\n\n\n\n<p><strong>Verifique a disponibilidade de dados meteorol\u00f3gicos<\/strong>, pois m\u00e9todos muito complexos necessitam de diversas vari\u00e1veis e, portanto, s\u00f3 podem ser utilizados quando h\u00e1 a disponibilidade de todos os dados necess\u00e1rios. <\/p>\n\n\n\n<p>Por exemplo, apenas com dados de temperatura do ar n\u00e3o \u00e9 poss\u00edvel aplicar o m\u00e9todo Penman \u2013 Monteith.<\/p>\n\n\n\n<p><strong>Verifique tamb\u00e9m a escala de tempo<\/strong>, pois alguns m\u00e9todos s\u00e3o melhores para escalas de tempo mensais e outros para escalas di\u00e1rias. <\/p>\n\n\n\n<p>Por exemplo, Thornthwaite e de Camargo s\u00e3o capazes de estimar bem a ETP em escala mensal, j\u00e1 o para a escala di\u00e1ria, m\u00e9todos que envolvem o saldo de radia\u00e7\u00e3o tendem a ser mais adequados.<\/p>\n\n\n\n<p>Por fim, <strong>verifique as condi\u00e7\u00f5es clim\u00e1ticas para as quais o m\u00e9todo foi desenvolvido<\/strong>, pois os m\u00e9todos emp\u00edricos, n\u00e3o costumam ter aplica\u00e7\u00e3o universal.&nbsp;<\/p>\n\n\n\n<p>Os m\u00e9todos de Thornthwaite e de Camargo, por exemplo, s\u00e3o aplic\u00e1veis \u00e0 regi\u00f5es de clima \u00famido, j\u00e1 o m\u00e9todo de Hargreaves &amp; Samani \u00e9 melhor para regi\u00f5es de clima seco, pois foi desenvolvido para este clima.\u00a0<\/p>\n\n\n<div class=\"wp-block-image\">\n<figure class=\"aligncenter size-full is-resized\"><a href=\"https:\/\/boosteragro.com\/\" target=\"_blank\" rel=\"noreferrer noopener\"><img loading=\"lazy\" decoding=\"async\" src=\"https:\/\/boosteragro.com\/blog-po\/wp-content\/uploads\/2022\/06\/Banner-BoosterAgro-App-Download-NewsletterBanner-1.png\" alt=\"Baixe o app da BoosterAgro e monitore as condi\u00e7\u00f5es do tempo na sua lavoura\" class=\"wp-image-2547\" width=\"819\" height=\"205\" srcset=\"https:\/\/boosteragro.com\/blog-po\/wp-content\/uploads\/2022\/06\/Banner-BoosterAgro-App-Download-NewsletterBanner-1.png 600w, https:\/\/boosteragro.com\/blog-po\/wp-content\/uploads\/2022\/06\/Banner-BoosterAgro-App-Download-NewsletterBanner-1-300x75.png 300w\" sizes=\"auto, (max-width: 819px) 100vw, 819px\" \/><\/a><\/figure>\n<\/div>\n\n\n<h2 class=\"wp-block-heading\">O regime de precipita\u00e7\u00e3o e evapotranspira\u00e7\u00e3o no Brasil ao longo do ano<\/h2>\n\n\n\n<p>Para a elabora\u00e7\u00e3o dos regimes de precipita\u00e7\u00e3o e evapotranspira\u00e7\u00e3o no Brasil foram utilizados os dados de acordo com Xavier et al. (2022) para o per\u00edodo de 2001 a 2020. <\/p>\n\n\n\n<p>A precipita\u00e7\u00e3o m\u00e9dia di\u00e1ria (P) \u00e9 a precipita\u00e7\u00e3o acumulada durante o per\u00edodo dividida pelo n\u00famero de dias do per\u00edodo. <\/p>\n\n\n\n<p>Dessa forma, a precipita\u00e7\u00e3o m\u00e9dia di\u00e1ria anual \u00e9 a precipita\u00e7\u00e3o acumulada no ano dividida pelo n\u00famero de dias no ano. <\/p>\n\n\n\n<p>Igualmente a evapotranspira\u00e7\u00e3o potencial m\u00e9dia di\u00e1ria (ETP) \u00e9 a evapotranspira\u00e7\u00e3o potencial acumulada durante o per\u00edodo dividida pelo n\u00famero de dias do per\u00edodo.<\/p>\n\n\n\n<h3 class=\"wp-block-heading\">Evapotranspira\u00e7\u00e3o no Brasil: regi\u00f5es Norte e Sul<\/h3>\n\n\n\n<p>Nas regi\u00f5es Norte e Sul do Brasil, a precipita\u00e7\u00e3o \u00e9 frequente o ano todo, al\u00e9m de apresentar um alto valor acumulado. <\/p>\n\n\n\n<p>Ainda na <strong>regi\u00e3o Norte<\/strong>, <strong>apesar da temperatura ser alta, a presen\u00e7a de muita nebulosidade reduz a evapotranspira\u00e7\u00e3o<\/strong>. Enquanto na <strong>regi\u00e3o Sul<\/strong> <strong>a temperatura \u00e9 menor o que tamb\u00e9m reduz a evapotranspira\u00e7\u00e3o<\/strong>. <\/p>\n\n\n\n<p>Dessa forma, tem-se que a precipita\u00e7\u00e3o \u00e9 maior do que a evapotranspira\u00e7\u00e3o nessas regi\u00f5es. <\/p>\n\n\n\n<h3 class=\"wp-block-heading\">Evapotranspira\u00e7\u00e3o no Brasil: regi\u00f5es Centro-Oeste e Sudeste <\/h3>\n\n\n\n<p>Nas regi\u00f5es <strong>Centro-Oeste e Sudeste a frequ\u00eancia de chuva \u00e9 mais variada<\/strong> ao longo do ano.<\/p>\n\n\n\n<p>No entanto, devido aos sistemas atmosf\u00e9ricos que determinam o regime de chuvas dessas regi\u00f5es \u2013 como a Zona de Converg\u00eancia do Atl\u00e2ntico Sul (ZCAS) \u2013 t\u00eam-se uma <strong>faixa diagonal de \u00e1reas com menor evapotranspira\u00e7\u00e3o do que precipita\u00e7\u00e3o<\/strong>. <\/p>\n\n\n\n<h3 class=\"wp-block-heading\">Evapotranspira\u00e7\u00e3o no Brasil: regi\u00e3o Nordeste  <\/h3>\n\n\n\n<p>J\u00e1 no Nordeste o <strong>baixo volume de chuva e a alta demanda evaporativa <\/strong>fazem a regi\u00e3o apresentar um predom\u00ednio de precipita\u00e7\u00e3o menor do que evapotranspira\u00e7\u00e3o.<\/p>\n\n\n<div class=\"wp-block-image\">\n<figure class=\"aligncenter\"><img decoding=\"async\" src=\"https:\/\/lh5.googleusercontent.com\/-0JHWg_BTpB_mfK4pm-Mei233PvinKODvkqOrVIkMxzvqI5zN2KOe1d4xs8N9aF0DAkOht0YP0Rgt8V01_9Xf2y4iJPxjqn9M3nqzV3cTOnkFmGrSUk1ccbH_EFYr1I3RwW914VgZu_Fu63HBbCvyw\" alt=\"Evapotranspira\u00e7\u00e3o no Brasil\"\/><\/figure>\n<\/div>\n\n\n<h3 class=\"wp-block-heading\">Evapotranspira\u00e7\u00e3o ao longo das esta\u00e7\u00f5es do ano<\/h3>\n\n\n\n<p>No <strong>ver\u00e3o<\/strong>, a <strong>precipita\u00e7\u00e3o \u00e9 maior que nas demais esta\u00e7\u00f5es<\/strong> do ano em grande parte do Brasil. <\/p>\n\n\n\n<p>Assim, a <strong>exce\u00e7\u00e3o<\/strong> desse padr\u00e3o ocorre apenas:<\/p>\n\n\n\n<ul class=\"wp-block-list\"><li>no Sul da regi\u00e3o Sul \u2013 que apresenta precipita\u00e7\u00e3o similar para todas as esta\u00e7\u00f5es do ano;<\/li><li>no estado de Roraima;<\/li><li>e na regi\u00e3o Nordeste.<\/li><\/ul>\n\n\n\n<p> Justamente, essas localidades que apresentam precipita\u00e7\u00e3o menor do que evapotranspira\u00e7\u00e3o.<\/p>\n\n\n<div class=\"wp-block-image\">\n<figure class=\"aligncenter\"><img decoding=\"async\" src=\"https:\/\/lh4.googleusercontent.com\/tUkE7WiFVkB6w0Hoqb3Cp2w63ZSXZTEjqoe62RKaM1M8FwP4R7j6zCGFkxMC9PZNFaJ4xyvd2SXtzR0r_gP1fJoK-I3BJIWhYKiqlRF8lUsBEdWiwdH6qc4gkAIaTnExA3LPrP9fytrnQPms0dArHg\" alt=\"Evapotranspira\u00e7\u00e3o no Brasil, Ver\u00e3o\"\/><\/figure>\n<\/div>\n\n\n<p>No <strong>outono<\/strong>, a <strong>precipita\u00e7\u00e3o diminui bastante no Centro-Oeste e Sudeste<\/strong>, em rela\u00e7\u00e3o ao ver\u00e3o. <\/p>\n\n\n\n<p>Isso faz a regi\u00e3o ter um padr\u00e3o irregular com grande parte da \u00e1rea tendo valores pr\u00f3ximos de precipita\u00e7\u00e3o e evapotranspira\u00e7\u00e3o. <\/p>\n\n\n\n<p>Na regi\u00e3o <strong>Norte a precipita\u00e7\u00e3o continua alta<\/strong>. <\/p>\n\n\n\n<p>J\u00e1 na regi\u00e3o <strong>Nordeste<\/strong>, a diminui\u00e7\u00e3o de temperatura e, por consequ\u00eancia, da evapotranspira\u00e7\u00e3o, junto ao aumento da precipita\u00e7\u00e3o na parte norte e no litoral, fazem aumentar as<strong> \u00e1reas onde a precipita\u00e7\u00e3o \u00e9 maior do que a evapotranspira\u00e7\u00e3o<\/strong>. <\/p>\n\n\n\n<p><strong>Comportamento parecido ocorre em toda regi\u00e3o Sul<\/strong> nessa esta\u00e7\u00e3o do ano.<\/p>\n\n\n\n<figure class=\"wp-block-image\"><img decoding=\"async\" src=\"https:\/\/lh4.googleusercontent.com\/InHjJTxqMwGquXczcveVjK8KScsv-RNzXARFQ3UV-C-jFver7yozOFmrAxNRZdvJ3B3jXBubVh4byxddz4oUT97gDZ_Utz6YYjy85qeeW9S7g0JU92oox-nBIxxoA142tUHKqVfN3fgMwVXBuDusiQ\" alt=\"Evapotranspira\u00e7\u00e3o no Brasil, Outono\"\/><\/figure>\n\n\n\n<p>No <strong>inverno<\/strong>, com exce\u00e7\u00e3o da regi\u00e3o Norte, <strong>a evapotranspira\u00e7\u00e3o diminui<\/strong> acompanhando o comportamento das temperaturas. <\/p>\n\n\n\n<p>No entanto, mesmo com essa diminui\u00e7\u00e3o da evapotranspira\u00e7\u00e3o, <strong>as \u00e1reas de menor precipita\u00e7\u00e3o do que evapotranspira\u00e7\u00e3o aumentam<\/strong>. <\/p>\n\n\n\n<p>Assim, somente a regi\u00e3o Sul, o norte da regi\u00e3o Norte e parte do litoral da regi\u00e3o Nordeste, que n\u00e3o apresentam precipita\u00e7\u00e3o menor que 3 mm\/dia, e ficam com precipita\u00e7\u00e3o maior que evapotranspira\u00e7\u00e3o.<\/p>\n\n\n<div class=\"wp-block-image\">\n<figure class=\"aligncenter\"><img decoding=\"async\" src=\"https:\/\/lh5.googleusercontent.com\/b4ijWAhMV2R7REPH5trsnwWa4cUoG-QnNEUuFeX8qzmIvNIl8A6YHG7muQVlbw01_MeFX8Qb74es4w1SYxB910ak7A8xGDa1mTXH3K_basFMZtD5B_mMZXer57iYYAVMqPzZ16ExBQlloNBqAmH-Ng\" alt=\"Evapotranspira\u00e7\u00e3o no Brasil, Inverno\"\/><\/figure>\n<\/div>\n\n\n<p>Na <strong>primavera<\/strong>, a <strong>evapotranspira\u00e7\u00e3o volta a aumentar<\/strong> em praticamente todo o pa\u00eds. <\/p>\n\n\n\n<p>A <strong>precipita\u00e7\u00e3o tamb\u00e9m aumenta em grande parte do Brasil<\/strong>, com exce\u00e7\u00e3o da regi\u00e3o Norte e litoral da regi\u00e3o Nordeste. <\/p>\n\n\n\n<p>Devido a isso, somente a regi\u00e3o Sul, oeste e sul da regi\u00e3o Norte, norte do Mato Grosso e sudeste da regi\u00e3o Sudeste, \u00e9 que apresentaram precipita\u00e7\u00e3o maior que evapotranspira\u00e7\u00e3o.<\/p>\n\n\n<div class=\"wp-block-image\">\n<figure class=\"aligncenter\"><img decoding=\"async\" src=\"https:\/\/lh5.googleusercontent.com\/f02ZC3h2I6CdipCXiN2L36WguuPx7DEjWp9InHz1_dtvlOKtJZnGcwnkUvz7H7E6LIUrNVxNDf5j9MsR8HI3KaN60vo14mUOW471QPwkUrSN0Jiir8H3PGjK4zhA3i21YOq3J-HiIW8j_7v1IvdY5w\" alt=\"Evapotranspira\u00e7\u00e3o, Primavera\"\/><\/figure>\n<\/div>\n\n\n<h2 class=\"wp-block-heading\">Esse padr\u00e3o pode mudar?<\/h2>\n\n\n\n<p>Esse padr\u00e3o de precipita\u00e7\u00e3o e de evapotranspira\u00e7\u00e3o ao longo das esta\u00e7\u00f5es do ano apresentado \u00e9 um comportamento m\u00e9dio de um per\u00edodo de aproximadamente 20 anos. <\/p>\n\n\n\n<p>Isto \u00e9, considerando todos os dados desse per\u00edodo <strong>esse padr\u00e3o \u00e9 o mais comum de acontecer<\/strong>.&nbsp;<strong>No entanto, esse regime pode se apresentar diferente<\/strong>. <\/p>\n\n\n\n<p>Anos com ocorr\u00eancia de <a href=\"https:\/\/boosteragro.com\/blog-po\/el-nino-la-nina-lavoura\/\" target=\"_blank\" rel=\"noreferrer noopener\">fen\u00f4menos como o <strong>El Ni\u00f1o e La Ni\u00f1a<\/strong><\/a>, por exemplo, apresentam um padr\u00e3o diferente de precipita\u00e7\u00e3o no Brasil, o que afeta diretamente a disponibilidade h\u00eddrica.<\/p>\n\n\n\n<p>Al\u00e9m disso, as proje\u00e7\u00f5es de <strong>mudan\u00e7as clim\u00e1ticas indicam altera\u00e7\u00e3o tanto no regime de precipita\u00e7\u00e3o, assim como no padr\u00e3o de temperatura<\/strong> \u2013 que deve aumentar em todo o pa\u00eds. Esse aumento de temperatura tamb\u00e9m tende a elevar a evapotranspira\u00e7\u00e3o.<\/p>\n\n\n\n<p>Por esses motivos, \u00e9 importante sempre atualizar esses padr\u00f5es considerando dados observados mais recentes.<\/p>\n\n\n\n<h2 class=\"wp-block-heading\">Conclus\u00e3o: a import\u00e2ncia de monitorar as condi\u00e7\u00f5es meteorol\u00f3gicas na lavoura<\/h2>\n\n\n\n<p>Monitorar as condi\u00e7\u00f5es meteorol\u00f3gicas <strong>permite conhecer os regimes de precipita\u00e7\u00e3o e evapotranspira\u00e7\u00e3o<\/strong> <strong>e<\/strong>, por consequ\u00eancia, <strong>a disponibilidade h\u00eddrica da lavoura<\/strong>. <\/p>\n\n\n\n<p>Isso porque, a falta de \u00e1gua pode resultar em defici\u00eancia h\u00eddrica e, por consequ\u00eancia, em dist\u00farbios fisiol\u00f3gicos negativos nas plantas. <\/p>\n\n\n\n<p>Por outro lado, o fornecimento ideal de \u00e1gua pode gerar uma produ\u00e7\u00e3o mais homog\u00eanea na \u00e1rea e at\u00e9 elevar a produtividade.<\/p>\n\n\n\n<p>Portanto, devido \u00e0s altera\u00e7\u00f5es no regime de chuvas e a import\u00e2ncia de saber as condi\u00e7\u00f5es de disponibilidade h\u00eddrica na lavoura, monitorar as condi\u00e7\u00f5es meteorol\u00f3gicas se torna cada vez mais fundamental para o sucesso da safra.<\/p>\n\n\n\n<hr class=\"wp-block-separator has-alpha-channel-opacity is-style-dots\"\/>\n\n\n\n<p><strong>Refer\u00eancia<\/strong><\/p>\n\n\n\n<p>Xavier, A. C., Scanlon, B. R., King, C. W., &amp; Alves, A. I. (2022). New improved Brazilian daily weather gridded data (1961\u20132020). <strong>International Journal of Climatology<\/strong>, 1\u201315. <a href=\"https:\/\/doi.org\/10.1002\/joc.7731\">https:\/\/doi.org\/10.1002\/joc.7731<\/a><\/p>\n","protected":false},"excerpt":{"rendered":"<p>Conhe\u00e7a o padr\u00e3o de evapotranspira\u00e7\u00e3o e precipita\u00e7\u00e3o no Brasil e sua rela\u00e7\u00e3o com a disponibilidade h\u00eddrica, e entenda como isso afeta a agricultura O abastecimento de \u00e1gua pela precipita\u00e7\u00e3o e a perda de \u00e1gua por evapotranspira\u00e7\u00e3o s\u00e3o os principais fatores para determinar a disponibilidade h\u00eddrica de uma regi\u00e3o. Como a disponibilidade adequada de \u00e1gua no [&hellip;]<\/p>\n","protected":false},"author":13,"featured_media":2924,"comment_status":"open","ping_status":"closed","sticky":false,"template":"","format":"standard","meta":{"om_disable_all_campaigns":false,"footnotes":""},"categories":[6],"tags":[86,14,73],"class_list":["post-2923","post","type-post","status-publish","format-standard","has-post-thumbnail","hentry","category-clima-e-tempo","tag-agua","tag-clima","tag-evapotranspiracao"],"yoast_head":"<!-- This site is optimized with the Yoast SEO plugin v20.4 - https:\/\/yoast.com\/wordpress\/plugins\/seo\/ -->\n<title>Entenda a evapotranspira\u00e7\u00e3o no Brasil e a disponibilidade h\u00eddrica<\/title>\n<meta name=\"description\" content=\"Conhe\u00e7a o padr\u00e3o de evapotranspira\u00e7\u00e3o e precipita\u00e7\u00e3o no Brasil e sua rela\u00e7\u00e3o com a disponibilidade h\u00eddrica, e entenda como isso a sua lavoura\" \/>\n<meta name=\"robots\" content=\"index, follow, max-snippet:-1, max-image-preview:large, max-video-preview:-1\" \/>\n<link rel=\"canonical\" href=\"https:\/\/boosteragro.com\/blog-po\/evapotranspiracao-no-brasil\/\" \/>\n<meta property=\"og:locale\" content=\"pt_BR\" \/>\n<meta property=\"og:type\" content=\"article\" \/>\n<meta property=\"og:title\" content=\"Entenda a evapotranspira\u00e7\u00e3o no Brasil e a disponibilidade h\u00eddrica\" \/>\n<meta property=\"og:description\" content=\"Conhe\u00e7a o padr\u00e3o de evapotranspira\u00e7\u00e3o e precipita\u00e7\u00e3o no Brasil e sua rela\u00e7\u00e3o com a disponibilidade h\u00eddrica, e entenda como isso a sua lavoura\" \/>\n<meta property=\"og:url\" content=\"https:\/\/boosteragro.com\/blog-po\/evapotranspiracao-no-brasil\/\" \/>\n<meta property=\"og:site_name\" content=\"BoosterAgro Blog\" \/>\n<meta property=\"article:published_time\" content=\"2022-08-11T14:07:28+00:00\" \/>\n<meta property=\"article:modified_time\" content=\"2022-08-16T17:17:12+00:00\" \/>\n<meta property=\"og:image\" content=\"https:\/\/boosteragro.com\/blog-po\/wp-content\/uploads\/2022\/08\/painel_v1.png\" \/>\n\t<meta property=\"og:image:width\" content=\"1646\" \/>\n\t<meta property=\"og:image:height\" content=\"618\" \/>\n\t<meta property=\"og:image:type\" content=\"image\/png\" \/>\n<meta name=\"author\" content=\"Diego Santos\" \/>\n<meta name=\"twitter:card\" content=\"summary_large_image\" \/>\n<meta name=\"twitter:label1\" content=\"Escrito por\" \/>\n\t<meta name=\"twitter:data1\" content=\"Diego Santos\" \/>\n\t<meta name=\"twitter:label2\" content=\"Est. tempo de leitura\" \/>\n\t<meta name=\"twitter:data2\" content=\"9 minutos\" \/>\n<script type=\"application\/ld+json\" class=\"yoast-schema-graph\">{\"@context\":\"https:\/\/schema.org\",\"@graph\":[{\"@type\":\"Article\",\"@id\":\"https:\/\/boosteragro.com\/blog-po\/evapotranspiracao-no-brasil\/#article\",\"isPartOf\":{\"@id\":\"https:\/\/boosteragro.com\/blog-po\/evapotranspiracao-no-brasil\/\"},\"author\":{\"name\":\"Diego Santos\",\"@id\":\"https:\/\/boosteragro.com\/blog-po\/#\/schema\/person\/153fc112066388ff4e16c29752338415\"},\"headline\":\"Entenda a evapotranspira\u00e7\u00e3o no Brasil e a disponibilidade h\u00eddrica\",\"datePublished\":\"2022-08-11T14:07:28+00:00\",\"dateModified\":\"2022-08-16T17:17:12+00:00\",\"mainEntityOfPage\":{\"@id\":\"https:\/\/boosteragro.com\/blog-po\/evapotranspiracao-no-brasil\/\"},\"wordCount\":1748,\"commentCount\":0,\"publisher\":{\"@id\":\"https:\/\/boosteragro.com\/blog-po\/#organization\"},\"keywords\":[\"\u00e1gua\",\"clima\",\"Evapotranspira\u00e7\u00e3o\"],\"articleSection\":[\"Clima e Tempo\"],\"inLanguage\":\"pt-BR\",\"potentialAction\":[{\"@type\":\"CommentAction\",\"name\":\"Comment\",\"target\":[\"https:\/\/boosteragro.com\/blog-po\/evapotranspiracao-no-brasil\/#respond\"]}]},{\"@type\":\"WebPage\",\"@id\":\"https:\/\/boosteragro.com\/blog-po\/evapotranspiracao-no-brasil\/\",\"url\":\"https:\/\/boosteragro.com\/blog-po\/evapotranspiracao-no-brasil\/\",\"name\":\"Entenda a evapotranspira\u00e7\u00e3o no Brasil e a disponibilidade h\u00eddrica\",\"isPartOf\":{\"@id\":\"https:\/\/boosteragro.com\/blog-po\/#website\"},\"datePublished\":\"2022-08-11T14:07:28+00:00\",\"dateModified\":\"2022-08-16T17:17:12+00:00\",\"description\":\"Conhe\u00e7a o padr\u00e3o de evapotranspira\u00e7\u00e3o e precipita\u00e7\u00e3o no Brasil e sua rela\u00e7\u00e3o com a disponibilidade h\u00eddrica, e entenda como isso a sua lavoura\",\"breadcrumb\":{\"@id\":\"https:\/\/boosteragro.com\/blog-po\/evapotranspiracao-no-brasil\/#breadcrumb\"},\"inLanguage\":\"pt-BR\",\"potentialAction\":[{\"@type\":\"ReadAction\",\"target\":[\"https:\/\/boosteragro.com\/blog-po\/evapotranspiracao-no-brasil\/\"]}]},{\"@type\":\"BreadcrumbList\",\"@id\":\"https:\/\/boosteragro.com\/blog-po\/evapotranspiracao-no-brasil\/#breadcrumb\",\"itemListElement\":[{\"@type\":\"ListItem\",\"position\":1,\"name\":\"Home\",\"item\":\"https:\/\/boosteragro.com\/blog-po\/\"},{\"@type\":\"ListItem\",\"position\":2,\"name\":\"Entenda a evapotranspira\u00e7\u00e3o no Brasil e a disponibilidade h\u00eddrica\"}]},{\"@type\":\"WebSite\",\"@id\":\"https:\/\/boosteragro.com\/blog-po\/#website\",\"url\":\"https:\/\/boosteragro.com\/blog-po\/\",\"name\":\"BoosterAgro Blog\",\"description\":\"Os principais conte\u00fados para o dia a dia no campo\",\"publisher\":{\"@id\":\"https:\/\/boosteragro.com\/blog-po\/#organization\"},\"potentialAction\":[{\"@type\":\"SearchAction\",\"target\":{\"@type\":\"EntryPoint\",\"urlTemplate\":\"https:\/\/boosteragro.com\/blog-po\/?s={search_term_string}\"},\"query-input\":\"required name=search_term_string\"}],\"inLanguage\":\"pt-BR\"},{\"@type\":\"Organization\",\"@id\":\"https:\/\/boosteragro.com\/blog-po\/#organization\",\"name\":\"BoosterAgro\",\"url\":\"https:\/\/boosteragro.com\/blog-po\/\",\"logo\":{\"@type\":\"ImageObject\",\"inLanguage\":\"pt-BR\",\"@id\":\"https:\/\/boosteragro.com\/blog-po\/#\/schema\/logo\/image\/\",\"url\":\"https:\/\/boosteragro.com\/blog-po\/wp-content\/uploads\/2021\/07\/Logotipo-BoosterAgro180px.png\",\"contentUrl\":\"https:\/\/boosteragro.com\/blog-po\/wp-content\/uploads\/2021\/07\/Logotipo-BoosterAgro180px.png\",\"width\":180,\"height\":36,\"caption\":\"BoosterAgro\"},\"image\":{\"@id\":\"https:\/\/boosteragro.com\/blog-po\/#\/schema\/logo\/image\/\"},\"sameAs\":[\"https:\/\/www.instagram.com\/boosteragro_brasil\/\"]},{\"@type\":\"Person\",\"@id\":\"https:\/\/boosteragro.com\/blog-po\/#\/schema\/person\/153fc112066388ff4e16c29752338415\",\"name\":\"Diego Santos\",\"image\":{\"@type\":\"ImageObject\",\"inLanguage\":\"pt-BR\",\"@id\":\"https:\/\/boosteragro.com\/blog-po\/#\/schema\/person\/image\/\",\"url\":\"https:\/\/secure.gravatar.com\/avatar\/d77cb9dfe45280cf487ce20eac8af577163b54dd81777b7271882caac0d9f195?s=96&d=mm&r=g\",\"contentUrl\":\"https:\/\/secure.gravatar.com\/avatar\/d77cb9dfe45280cf487ce20eac8af577163b54dd81777b7271882caac0d9f195?s=96&d=mm&r=g\",\"caption\":\"Diego Santos\"},\"description\":\"Meteorologista | Equipe BoosterAgro\",\"url\":\"https:\/\/boosteragro.com\/blog-po\/author\/diego-santos\/\"}]}<\/script>\n<!-- \/ Yoast SEO plugin. -->","yoast_head_json":{"title":"Entenda a evapotranspira\u00e7\u00e3o no Brasil e a disponibilidade h\u00eddrica","description":"Conhe\u00e7a o padr\u00e3o de evapotranspira\u00e7\u00e3o e precipita\u00e7\u00e3o no Brasil e sua rela\u00e7\u00e3o com a disponibilidade h\u00eddrica, e entenda como isso a sua lavoura","robots":{"index":"index","follow":"follow","max-snippet":"max-snippet:-1","max-image-preview":"max-image-preview:large","max-video-preview":"max-video-preview:-1"},"canonical":"https:\/\/boosteragro.com\/blog-po\/evapotranspiracao-no-brasil\/","og_locale":"pt_BR","og_type":"article","og_title":"Entenda a evapotranspira\u00e7\u00e3o no Brasil e a disponibilidade h\u00eddrica","og_description":"Conhe\u00e7a o padr\u00e3o de evapotranspira\u00e7\u00e3o e precipita\u00e7\u00e3o no Brasil e sua rela\u00e7\u00e3o com a disponibilidade h\u00eddrica, e entenda como isso a sua lavoura","og_url":"https:\/\/boosteragro.com\/blog-po\/evapotranspiracao-no-brasil\/","og_site_name":"BoosterAgro Blog","article_published_time":"2022-08-11T14:07:28+00:00","article_modified_time":"2022-08-16T17:17:12+00:00","og_image":[{"width":1646,"height":618,"url":"https:\/\/boosteragro.com\/blog-po\/wp-content\/uploads\/2022\/08\/painel_v1.png","type":"image\/png"}],"author":"Diego Santos","twitter_card":"summary_large_image","twitter_misc":{"Escrito por":"Diego Santos","Est. tempo de leitura":"9 minutos"},"schema":{"@context":"https:\/\/schema.org","@graph":[{"@type":"Article","@id":"https:\/\/boosteragro.com\/blog-po\/evapotranspiracao-no-brasil\/#article","isPartOf":{"@id":"https:\/\/boosteragro.com\/blog-po\/evapotranspiracao-no-brasil\/"},"author":{"name":"Diego Santos","@id":"https:\/\/boosteragro.com\/blog-po\/#\/schema\/person\/153fc112066388ff4e16c29752338415"},"headline":"Entenda a evapotranspira\u00e7\u00e3o no Brasil e a disponibilidade h\u00eddrica","datePublished":"2022-08-11T14:07:28+00:00","dateModified":"2022-08-16T17:17:12+00:00","mainEntityOfPage":{"@id":"https:\/\/boosteragro.com\/blog-po\/evapotranspiracao-no-brasil\/"},"wordCount":1748,"commentCount":0,"publisher":{"@id":"https:\/\/boosteragro.com\/blog-po\/#organization"},"keywords":["\u00e1gua","clima","Evapotranspira\u00e7\u00e3o"],"articleSection":["Clima e Tempo"],"inLanguage":"pt-BR","potentialAction":[{"@type":"CommentAction","name":"Comment","target":["https:\/\/boosteragro.com\/blog-po\/evapotranspiracao-no-brasil\/#respond"]}]},{"@type":"WebPage","@id":"https:\/\/boosteragro.com\/blog-po\/evapotranspiracao-no-brasil\/","url":"https:\/\/boosteragro.com\/blog-po\/evapotranspiracao-no-brasil\/","name":"Entenda a evapotranspira\u00e7\u00e3o no Brasil e a disponibilidade h\u00eddrica","isPartOf":{"@id":"https:\/\/boosteragro.com\/blog-po\/#website"},"datePublished":"2022-08-11T14:07:28+00:00","dateModified":"2022-08-16T17:17:12+00:00","description":"Conhe\u00e7a o padr\u00e3o de evapotranspira\u00e7\u00e3o e precipita\u00e7\u00e3o no Brasil e sua rela\u00e7\u00e3o com a disponibilidade h\u00eddrica, e entenda como isso a sua lavoura","breadcrumb":{"@id":"https:\/\/boosteragro.com\/blog-po\/evapotranspiracao-no-brasil\/#breadcrumb"},"inLanguage":"pt-BR","potentialAction":[{"@type":"ReadAction","target":["https:\/\/boosteragro.com\/blog-po\/evapotranspiracao-no-brasil\/"]}]},{"@type":"BreadcrumbList","@id":"https:\/\/boosteragro.com\/blog-po\/evapotranspiracao-no-brasil\/#breadcrumb","itemListElement":[{"@type":"ListItem","position":1,"name":"Home","item":"https:\/\/boosteragro.com\/blog-po\/"},{"@type":"ListItem","position":2,"name":"Entenda a evapotranspira\u00e7\u00e3o no Brasil e a disponibilidade h\u00eddrica"}]},{"@type":"WebSite","@id":"https:\/\/boosteragro.com\/blog-po\/#website","url":"https:\/\/boosteragro.com\/blog-po\/","name":"BoosterAgro Blog","description":"Os principais conte\u00fados para o dia a dia no campo","publisher":{"@id":"https:\/\/boosteragro.com\/blog-po\/#organization"},"potentialAction":[{"@type":"SearchAction","target":{"@type":"EntryPoint","urlTemplate":"https:\/\/boosteragro.com\/blog-po\/?s={search_term_string}"},"query-input":"required name=search_term_string"}],"inLanguage":"pt-BR"},{"@type":"Organization","@id":"https:\/\/boosteragro.com\/blog-po\/#organization","name":"BoosterAgro","url":"https:\/\/boosteragro.com\/blog-po\/","logo":{"@type":"ImageObject","inLanguage":"pt-BR","@id":"https:\/\/boosteragro.com\/blog-po\/#\/schema\/logo\/image\/","url":"https:\/\/boosteragro.com\/blog-po\/wp-content\/uploads\/2021\/07\/Logotipo-BoosterAgro180px.png","contentUrl":"https:\/\/boosteragro.com\/blog-po\/wp-content\/uploads\/2021\/07\/Logotipo-BoosterAgro180px.png","width":180,"height":36,"caption":"BoosterAgro"},"image":{"@id":"https:\/\/boosteragro.com\/blog-po\/#\/schema\/logo\/image\/"},"sameAs":["https:\/\/www.instagram.com\/boosteragro_brasil\/"]},{"@type":"Person","@id":"https:\/\/boosteragro.com\/blog-po\/#\/schema\/person\/153fc112066388ff4e16c29752338415","name":"Diego Santos","image":{"@type":"ImageObject","inLanguage":"pt-BR","@id":"https:\/\/boosteragro.com\/blog-po\/#\/schema\/person\/image\/","url":"https:\/\/secure.gravatar.com\/avatar\/d77cb9dfe45280cf487ce20eac8af577163b54dd81777b7271882caac0d9f195?s=96&d=mm&r=g","contentUrl":"https:\/\/secure.gravatar.com\/avatar\/d77cb9dfe45280cf487ce20eac8af577163b54dd81777b7271882caac0d9f195?s=96&d=mm&r=g","caption":"Diego Santos"},"description":"Meteorologista | Equipe BoosterAgro","url":"https:\/\/boosteragro.com\/blog-po\/author\/diego-santos\/"}]}},"_links":{"self":[{"href":"https:\/\/boosteragro.com\/blog-po\/wp-json\/wp\/v2\/posts\/2923","targetHints":{"allow":["GET"]}}],"collection":[{"href":"https:\/\/boosteragro.com\/blog-po\/wp-json\/wp\/v2\/posts"}],"about":[{"href":"https:\/\/boosteragro.com\/blog-po\/wp-json\/wp\/v2\/types\/post"}],"author":[{"embeddable":true,"href":"https:\/\/boosteragro.com\/blog-po\/wp-json\/wp\/v2\/users\/13"}],"replies":[{"embeddable":true,"href":"https:\/\/boosteragro.com\/blog-po\/wp-json\/wp\/v2\/comments?post=2923"}],"version-history":[{"count":4,"href":"https:\/\/boosteragro.com\/blog-po\/wp-json\/wp\/v2\/posts\/2923\/revisions"}],"predecessor-version":[{"id":2959,"href":"https:\/\/boosteragro.com\/blog-po\/wp-json\/wp\/v2\/posts\/2923\/revisions\/2959"}],"wp:featuredmedia":[{"embeddable":true,"href":"https:\/\/boosteragro.com\/blog-po\/wp-json\/wp\/v2\/media\/2924"}],"wp:attachment":[{"href":"https:\/\/boosteragro.com\/blog-po\/wp-json\/wp\/v2\/media?parent=2923"}],"wp:term":[{"taxonomy":"category","embeddable":true,"href":"https:\/\/boosteragro.com\/blog-po\/wp-json\/wp\/v2\/categories?post=2923"},{"taxonomy":"post_tag","embeddable":true,"href":"https:\/\/boosteragro.com\/blog-po\/wp-json\/wp\/v2\/tags?post=2923"}],"curies":[{"name":"wp","href":"https:\/\/api.w.org\/{rel}","templated":true}]}}