{"id":622,"date":"2021-07-20T12:15:04","date_gmt":"2021-07-20T15:15:04","guid":{"rendered":"https:\/\/boosteragro.com\/blog-po\/?p=622"},"modified":"2021-10-26T11:19:44","modified_gmt":"2021-10-26T14:19:44","slug":"confira-quais-foram-as-mudancas-no-plano-safra-2021-22","status":"publish","type":"post","link":"https:\/\/boosteragro.com\/blog-po\/confira-quais-foram-as-mudancas-no-plano-safra-2021-22\/","title":{"rendered":"Confira quais foram as mudan\u00e7as no Plano Safra 2021\/22"},"content":{"rendered":"\n<p><strong><em>Mudan\u00e7as no Plano Safra: governo destina mais recursos para incentivar melhores pr\u00e1ticas no campo, com tecnologias que promovam sustentabilidade ambiental<\/em><\/strong><\/p>\n\n\n\n<p><\/p>\n\n\n\n<p>As mudan\u00e7as no Plano Safra 2021\/2022 n\u00e3o se restringiram somente ao aumento de recursos, que \u00e9 de R$ 14,9 bilh\u00f5es a mais em rela\u00e7\u00e3o ao plano anterior.<\/p>\n\n\n\n<p>Al\u00e9m dos R$ 251,22 bilh\u00f5es, 6,3% a mais que em 2020, o novo ciclo, que vai de 1\u00ba de junho de 2021 a 30 de junho de 2022, ficou mais <a href=\"https:\/\/www.gov.br\/pt-br\/noticias\/agricultura-e-pecuaria\/2021\/06\/plano-safra-21-22-aumenta-recursos-para-tecnicas-agricolas-sustentaveis\" target=\"_blank\" rel=\"noreferrer noopener\">verde<\/a>. Principalmente, a partir do fortalecimento do Programa ABC, do Inovagro e do Proirriga.<\/p>\n\n\n\n<p>E, ainda, h\u00e1 mais recursos para armazenagem (demanda antiga do setor de gr\u00e3os), custeio e comercializa\u00e7\u00e3o, produ\u00e7\u00e3o e inova\u00e7\u00e3o, bem como para o Seguro Rural.<\/p>\n\n\n\n<p>Neste artigo, voc\u00ea confere os detalhes das mudan\u00e7as no Plano Safra 2021\/2022.<\/p>\n\n\n\n<p><\/p>\n\n\n\n<h2 class=\"wp-block-heading\">Novo Plano Safra \u00e9 mais verde e mais tecnol\u00f3gico&nbsp;<\/h2>\n\n\n\n<p>Em uma decis\u00e3o no contexto das pol\u00edticas agr\u00edcolas, o <a href=\"https:\/\/www.gov.br\/agricultura\/pt-br\/assuntos\/noticias\/com-total-de-r-251-2-bilhoes-plano-safra-21-22-aumenta-recursos-para-tecnicas-agricolas-sustentaveis\" target=\"_blank\" rel=\"noreferrer noopener\">Mapa<\/a> (Minist\u00e9rio da Agricultura, Pecu\u00e1ria e Abastecimento) decidiu que o novo Plano Safra seria mais verde.<\/p>\n\n\n\n<p>Essa decis\u00e3o atende tanto aos produtores mais modernos \u2013 principalmente os da nova gera\u00e7\u00e3o \u2013 quanto \u00e0s cobran\u00e7as da sociedade global por um <strong>agroneg\u00f3cio mais sustent\u00e1vel<\/strong>.<\/p>\n\n\n\n<p>Assim, os incentivos s\u00e3o para projetos de energia renov\u00e1vel e pr\u00e1ticas conservacionistas de uso do solo, manejo e prote\u00e7\u00e3o dos recursos naturais e agricultura irrigada.<\/p>\n\n\n\n<p>Foram elevados em 101% os recursos para projetos de agricultura que promovam a sustentabilidade, e o principal deles \u00e9 o <strong>Programa ABC <\/strong>(<a href=\"https:\/\/agrosmart.com.br\/blog\/entenda-o-que-e-agricultura-de-baixo-carbono\/\" target=\"_blank\" rel=\"noreferrer noopener\">Agricultura de Baixo Carbono<\/a>).<\/p>\n\n\n\n<p>Com isso, o volume de recursos \u00e9 de<strong> R$ 5,05 bilh\u00f5es<\/strong>, e as <strong>taxas de juros variam entre 5,5% e 7% ao ano<\/strong>, com car\u00eancia de 8 anos e prazo de pagamento de 12 anos.<\/p>\n\n\n\n<p>J\u00e1 o <strong>Inovagro<\/strong>, destinado \u00e0 inova\u00e7\u00f5es tecnol\u00f3gicas, teve recursos de <strong>R$ 2,6 milh\u00f5es<\/strong>, com taxas de juros de <strong>7% ao ano<\/strong>. E o <strong>Proirriga <\/strong>(para projetos de irriga\u00e7\u00e3o), de <strong>R$ 1,35 bilh\u00f5es<\/strong>, com juros de <strong>7,5% ao ano<\/strong>.&nbsp;&nbsp;<\/p>\n\n\n\n<p>Al\u00e9m disso, h\u00e1 tamb\u00e9m, conforme divulgado pelo Mapa, incentivos para:<\/p>\n\n\n\n<ul class=\"wp-block-list\"><li>Produ\u00e7\u00e3o de <a href=\"https:\/\/www.gov.br\/agricultura\/pt-br\/assuntos\/noticias\/brasil-deve-ser-destaque-mundial-no-uso-de-bioinsumos-nos-proximos-anos\" target=\"_blank\" rel=\"noreferrer noopener\">bioinsumos<\/a> e biofertilizantes na propriedade rural, para uso pr\u00f3prio;<\/li><li>Pr\u00e1ticas conservacionistas do solo, sobretudo voltadas \u00e0 fertilidade;<\/li><li>Cr\u00e9dito coletivo de at\u00e9 R$ 20 milh\u00f5es para gera\u00e7\u00e3o de energia el\u00e9trica a partir de biog\u00e1s e biometano;<\/li><li>Gera\u00e7\u00e3o de energia renov\u00e1vel pelo Programa ABC.<\/li><\/ul>\n\n\n\n<p><\/p>\n\n\n\n<h2 class=\"wp-block-heading\">Armazenagem de gr\u00e3os, custeio e comercializa\u00e7\u00e3o no Plano Safra 2021\/22<\/h2>\n\n\n\n<p>O Brasil est\u00e1 entre os principais produtores mundiais de gr\u00e3os \u2013 s\u00f3 em 2021 devem ser produzidas 258,5 milh\u00f5es de toneladas, segundo o IBGE (Instituto Brasileiro de Geografia e Estat\u00edstica).&nbsp;&nbsp;&nbsp;<\/p>\n\n\n\n<p>Nesse sentido, \u00e9 de suma import\u00e2ncia que o produtor tenha boas estruturas de armazenagem, j\u00e1 que os pre\u00e7os das commodities podem variar.<\/p>\n\n\n\n<p>Al\u00e9m disso, uma boa estrutura de armazenamento reduz custos com frete e melhora a trafegabilidade das rodovias, principal forma de escoamento de gr\u00e3os no pa\u00eds.<\/p>\n\n\n\n<p>Assim, das mudan\u00e7as no Plano Safra 2021\/2022, o <strong>aumento de recursos para o PCA<\/strong> (Programa de Constru\u00e7\u00e3o e Amplia\u00e7\u00e3o de Armaz\u00e9ns) \u00e9 um dos que mais se destacam.<\/p>\n\n\n\n<p>&nbsp;Confira as novidades do PCA:<\/p>\n\n\n\n<ul class=\"wp-block-list\"><li>Destina\u00e7\u00e3o de <strong>R$ 4,12 bilh\u00f5es<\/strong>, aumento de 84% em rela\u00e7\u00e3o ao Plano Safra anterior;<\/li><li>Taxas de juros de <strong>5,5% ao ano<\/strong>, para armaz\u00e9ns de at\u00e9 6 mil toneladas;<\/li><li>Para armaz\u00e9ns com capacidade acima de 6 mil toneladas, as taxas de juros s\u00e3o de <strong>7% ao ano<\/strong>, com car\u00eancia de 3 anos e prazo de pagamento de at\u00e9 12 anos;<\/li><\/ul>\n\n\n\n<p>Esses recursos s\u00e3o suficientes para construir 500 novas plantas e ampliar a capacidade de armazenagem em 5 milh\u00f5es de toneladas.<\/p>\n\n\n\n<p>Ademais, com rela\u00e7\u00e3o ao <strong>custeio do milho<\/strong>, o Plano Safra prev\u00ea <strong>R$ 1,75 milh\u00e3o<\/strong> para produtores ligados ao <strong>Pronamp <\/strong>(Programa Nacional de Apoio ao M\u00e9dio Produtor Rural) e R$ 4 milh\u00f5es para os demais.<\/p>\n\n\n\n<p>J\u00e1 os recursos para o <strong>custeio <\/strong>da produ\u00e7\u00e3o agr\u00edcola ficaram em <strong>R$ 117,7 bilh\u00f5es <\/strong>e o de <strong>investimentos <\/strong>em <strong>R$ 73,5 bilh\u00f5es<\/strong>.<\/p>\n\n\n\n<p>Enquanto isso, o <strong>Pronamp <\/strong>garantiu <strong>R$ 34 bilh\u00f5es<\/strong>, valor pr\u00f3ximo ao dispon\u00edvel <strong>para custeio e comercializa\u00e7\u00e3o<\/strong>, de R$ 29,18 bilh\u00f5es. Os <strong>investimentos<\/strong>, por sua vez, ter\u00e3o recursos de <strong>R$ 4,88 bilh\u00f5es<\/strong>, com juros de 6,5% ao ano.<\/p>\n\n\n\n<p><\/p>\n\n\n\n<h2 class=\"wp-block-heading\">Plano Safra 2021\/22 traz recursos para pequenos produtores&nbsp;<\/h2>\n\n\n\n<p>De grande import\u00e2ncia para o abastecimento do mercado interno, a agricultura familiar teve <strong>aumento de 19%<\/strong> <strong>nos recursos<\/strong> do Plano Safra 2021\/2022.<\/p>\n\n\n\n<p>No total, s\u00e3o <strong>R$ 39,34 bilh\u00f5es para o Pronaf <\/strong>(Programa Nacional de Fortalecimento da Agricultura Familiar), com juros de 3% e 4,5%.<\/p>\n\n\n\n<p>Ademais, desse valor, R$ 21,74 bilh\u00f5es s\u00e3o para custeio e comercializa\u00e7\u00e3o e R$ R$ 17,6 bilh\u00f5es para investimentos.&nbsp;<\/p>\n\n\n\n<p>Para incentivar pr\u00e1ticas sustent\u00e1veis na agricultura familiar, <strong>o governo fortaleceu o Pronaf Bioeconomia<\/strong>, com financiamento para SAFs (Sistemas Agroflorestais), constru\u00e7\u00e3o de unidades de produ\u00e7\u00e3o de bioinsumos e biofertilizantes e projetos de turismo rural.<\/p>\n\n\n\n<p>O m\u00e9dio produtor ligado ao Pronamp tem \u00e0 disposi\u00e7\u00e3o R$ 34 bilh\u00f5es: R$ 29,18 bilh\u00f5es para custeio e comercializa\u00e7\u00e3o e R$ 4,88 bilh\u00f5es para investimento (juros de at\u00e9 6,5% ao ano).<\/p>\n\n\n\n<p><\/p>\n\n\n\n<h2 class=\"wp-block-heading\">Mais recursos para o Seguro Rural <\/h2>\n\n\n\n<p>Com <a href=\"https:\/\/boosteragro.com\/blog-po\/estresse-hidrico-causa-perdas-na-safra-2020-21\/\" target=\"_blank\" rel=\"noreferrer noopener\">seca<\/a> e geada causando perdas em diversas culturas no centro-sul do Brasil, fazer um seguro rural \u00e9 algo praticamente obrigat\u00f3rio. At\u00e9 mesmo para que o produtor consiga se manter na atividade e ter mais seguran\u00e7a nos neg\u00f3cios.<\/p>\n\n\n\n<p>O Governo Federal, por meio do Mapa, ampliou o <a href=\"https:\/\/www.gov.br\/pt-br\/noticias\/agricultura-e-pecuaria\/2021\/07\/agricultores-podem-acessar-seguro-para-minimizar-perdas\" target=\"_blank\" rel=\"noreferrer noopener\">seguro rural<\/a> e <strong>dobrou a \u00e1rea segurada<\/strong>, bem como <strong>ampliou o n\u00famero de produtores atendidos<\/strong>.&nbsp;<\/p>\n\n\n\n<p>Para 2022, o <strong>PSR <\/strong>(Programa de Subven\u00e7\u00e3o ao Pr\u00eamio do Seguro Rural) ser\u00e1 de <strong>R$ 1 bilh\u00e3o<\/strong>.<\/p>\n\n\n\n<p>De acordo com o Mapa, com esse valor ser\u00e1 poss\u00edvel contratar 158.500 ap\u00f3lices, proteger 10,7 milh\u00f5es de hectares e um valor total segurado de R$ 55,4 bilh\u00f5es.<\/p>\n\n\n\n<p>Outra novidade \u00e9 que tamb\u00e9m foram criadas novas regras para o PTSR (Plano Trienal do Seguro Rural) 2022-2024, que traz as diretrizes do PSR. Agora, as regras do PTSR est\u00e3o muito mais simples.<\/p>\n\n\n\n<p>Al\u00e9m disso, o Mapa anunciou que incluir\u00e1 novos estudos para 12 culturas no ZARC (Programa Nacional de Zoneamento Agr\u00edcola de Risco Clim\u00e1tico). Vale destacar que, essa ferramenta \u00e9 de grande import\u00e2ncia, pois serve como par\u00e2metro para as avalia\u00e7\u00f5es do seguro rural.<\/p>\n\n\n\n<p><\/p>\n\n\n\n<h2 class=\"wp-block-heading\">Conclus\u00e3o<\/h2>\n\n\n\n<p>Neste artigo, vimos que dentre as mudan\u00e7as no Plano Safra 2021\/2022 est\u00e3o direcionadas para a promo\u00e7\u00e3o de um agroneg\u00f3cio mais sustent\u00e1vel, tecnol\u00f3gico e inovador, desde o pequeno ao grande produtor.<\/p>\n\n\n\n<p>Se voc\u00ea j\u00e1 pratica a sustentabilidade na fazenda, essa \u00e9 a hora de ampliar a\u00e7\u00f5es do tipo e fortalecer sua participa\u00e7\u00e3o no mercado nacional e internacional.<\/p>\n\n\n\n<p>Consulte os valores, juros e prazos de pagamento das respectivas linhas de financiamento e veja qual est\u00e1 ao seu alcance. Um bom planejamento tamb\u00e9m \u00e9 essencial.<\/p>\n\n\n\n<p>M\u00e1rio Bittencourt<\/p>\n\n\n\n<p>Jornalista p\u00f3s-graduado em Agricultura de Precis\u00e3o&nbsp;&nbsp;<\/p>\n","protected":false},"excerpt":{"rendered":"<p>No Plano Safra 2021\/22, governo destina mais recursos para incentivar melhores pr\u00e1ticas no campo, com tecnologias que promovam sustentabilidade ambiental.<\/p>\n","protected":false},"author":4,"featured_media":760,"comment_status":"open","ping_status":"closed","sticky":false,"template":"","format":"standard","meta":{"om_disable_all_campaigns":false,"footnotes":""},"categories":[10],"tags":[32,31,30],"class_list":["post-622","post","type-post","status-publish","format-standard","has-post-thumbnail","hentry","category-mercado-e-financas","tag-economia","tag-investimento","tag-plano-safra"],"yoast_head":"<!-- This site is optimized with the Yoast SEO plugin v20.4 - https:\/\/yoast.com\/wordpress\/plugins\/seo\/ -->\n<title>Confira quais foram as mudan\u00e7as no Plano Safra 2021\/22 - BoosterAgro Blog<\/title>\n<meta name=\"description\" content=\"No novo Plano Safra, governo destina mais recursos para incentivar pr\u00e1ticas e tecnologias que promovam sustentabilidade ambiental no campo\" \/>\n<meta name=\"robots\" content=\"index, follow, max-snippet:-1, max-image-preview:large, max-video-preview:-1\" \/>\n<link rel=\"canonical\" href=\"https:\/\/boosteragro.com\/blog-po\/confira-quais-foram-as-mudancas-no-plano-safra-2021-22\/\" \/>\n<meta property=\"og:locale\" content=\"pt_BR\" \/>\n<meta property=\"og:type\" content=\"article\" \/>\n<meta property=\"og:title\" content=\"Confira quais foram as mudan\u00e7as no Plano Safra 2021\/22 - BoosterAgro Blog\" \/>\n<meta property=\"og:description\" content=\"No novo Plano Safra, governo destina mais recursos para incentivar pr\u00e1ticas e tecnologias que promovam sustentabilidade ambiental no campo\" \/>\n<meta property=\"og:url\" content=\"https:\/\/boosteragro.com\/blog-po\/confira-quais-foram-as-mudancas-no-plano-safra-2021-22\/\" \/>\n<meta property=\"og:site_name\" content=\"BoosterAgro Blog\" \/>\n<meta property=\"article:published_time\" content=\"2021-07-20T15:15:04+00:00\" \/>\n<meta property=\"article:modified_time\" content=\"2021-10-26T14:19:44+00:00\" \/>\n<meta property=\"og:image\" content=\"https:\/\/boosteragro.com\/blog-po\/wp-content\/uploads\/2021\/07\/Imagem-Post-Plano-Safra.jpg\" \/>\n\t<meta property=\"og:image:width\" content=\"1444\" \/>\n\t<meta property=\"og:image:height\" content=\"964\" \/>\n\t<meta property=\"og:image:type\" content=\"image\/jpeg\" \/>\n<meta name=\"author\" content=\"M\u00e1rio Bittencourt\" \/>\n<meta name=\"twitter:card\" content=\"summary_large_image\" \/>\n<meta name=\"twitter:label1\" content=\"Escrito por\" \/>\n\t<meta name=\"twitter:data1\" content=\"M\u00e1rio Bittencourt\" \/>\n\t<meta name=\"twitter:label2\" content=\"Est. tempo de leitura\" \/>\n\t<meta name=\"twitter:data2\" content=\"5 minutos\" \/>\n<script type=\"application\/ld+json\" class=\"yoast-schema-graph\">{\"@context\":\"https:\/\/schema.org\",\"@graph\":[{\"@type\":\"Article\",\"@id\":\"https:\/\/boosteragro.com\/blog-po\/confira-quais-foram-as-mudancas-no-plano-safra-2021-22\/#article\",\"isPartOf\":{\"@id\":\"https:\/\/boosteragro.com\/blog-po\/confira-quais-foram-as-mudancas-no-plano-safra-2021-22\/\"},\"author\":{\"name\":\"M\u00e1rio Bittencourt\",\"@id\":\"https:\/\/boosteragro.com\/blog-po\/#\/schema\/person\/8d932be1ef489ce59d4ab2b5df5d8c21\"},\"headline\":\"Confira quais foram as mudan\u00e7as no Plano Safra 2021\/22\",\"datePublished\":\"2021-07-20T15:15:04+00:00\",\"dateModified\":\"2021-10-26T14:19:44+00:00\",\"mainEntityOfPage\":{\"@id\":\"https:\/\/boosteragro.com\/blog-po\/confira-quais-foram-as-mudancas-no-plano-safra-2021-22\/\"},\"wordCount\":1145,\"commentCount\":0,\"publisher\":{\"@id\":\"https:\/\/boosteragro.com\/blog-po\/#organization\"},\"keywords\":[\"Economia\",\"Investimento\",\"Plano safra\"],\"articleSection\":[\"Mercado e Finan\u00e7as\"],\"inLanguage\":\"pt-BR\",\"potentialAction\":[{\"@type\":\"CommentAction\",\"name\":\"Comment\",\"target\":[\"https:\/\/boosteragro.com\/blog-po\/confira-quais-foram-as-mudancas-no-plano-safra-2021-22\/#respond\"]}]},{\"@type\":\"WebPage\",\"@id\":\"https:\/\/boosteragro.com\/blog-po\/confira-quais-foram-as-mudancas-no-plano-safra-2021-22\/\",\"url\":\"https:\/\/boosteragro.com\/blog-po\/confira-quais-foram-as-mudancas-no-plano-safra-2021-22\/\",\"name\":\"Confira quais foram as mudan\u00e7as no Plano Safra 2021\/22 - BoosterAgro Blog\",\"isPartOf\":{\"@id\":\"https:\/\/boosteragro.com\/blog-po\/#website\"},\"datePublished\":\"2021-07-20T15:15:04+00:00\",\"dateModified\":\"2021-10-26T14:19:44+00:00\",\"description\":\"No novo Plano Safra, governo destina mais recursos para incentivar pr\u00e1ticas e tecnologias que promovam sustentabilidade ambiental no campo\",\"breadcrumb\":{\"@id\":\"https:\/\/boosteragro.com\/blog-po\/confira-quais-foram-as-mudancas-no-plano-safra-2021-22\/#breadcrumb\"},\"inLanguage\":\"pt-BR\",\"potentialAction\":[{\"@type\":\"ReadAction\",\"target\":[\"https:\/\/boosteragro.com\/blog-po\/confira-quais-foram-as-mudancas-no-plano-safra-2021-22\/\"]}]},{\"@type\":\"BreadcrumbList\",\"@id\":\"https:\/\/boosteragro.com\/blog-po\/confira-quais-foram-as-mudancas-no-plano-safra-2021-22\/#breadcrumb\",\"itemListElement\":[{\"@type\":\"ListItem\",\"position\":1,\"name\":\"Home\",\"item\":\"https:\/\/boosteragro.com\/blog-po\/\"},{\"@type\":\"ListItem\",\"position\":2,\"name\":\"Confira quais foram as mudan\u00e7as no Plano Safra 2021\/22\"}]},{\"@type\":\"WebSite\",\"@id\":\"https:\/\/boosteragro.com\/blog-po\/#website\",\"url\":\"https:\/\/boosteragro.com\/blog-po\/\",\"name\":\"BoosterAgro Blog\",\"description\":\"Os principais conte\u00fados para o dia a dia no campo\",\"publisher\":{\"@id\":\"https:\/\/boosteragro.com\/blog-po\/#organization\"},\"potentialAction\":[{\"@type\":\"SearchAction\",\"target\":{\"@type\":\"EntryPoint\",\"urlTemplate\":\"https:\/\/boosteragro.com\/blog-po\/?s={search_term_string}\"},\"query-input\":\"required name=search_term_string\"}],\"inLanguage\":\"pt-BR\"},{\"@type\":\"Organization\",\"@id\":\"https:\/\/boosteragro.com\/blog-po\/#organization\",\"name\":\"BoosterAgro\",\"url\":\"https:\/\/boosteragro.com\/blog-po\/\",\"logo\":{\"@type\":\"ImageObject\",\"inLanguage\":\"pt-BR\",\"@id\":\"https:\/\/boosteragro.com\/blog-po\/#\/schema\/logo\/image\/\",\"url\":\"https:\/\/boosteragro.com\/blog-po\/wp-content\/uploads\/2021\/07\/Logotipo-BoosterAgro180px.png\",\"contentUrl\":\"https:\/\/boosteragro.com\/blog-po\/wp-content\/uploads\/2021\/07\/Logotipo-BoosterAgro180px.png\",\"width\":180,\"height\":36,\"caption\":\"BoosterAgro\"},\"image\":{\"@id\":\"https:\/\/boosteragro.com\/blog-po\/#\/schema\/logo\/image\/\"},\"sameAs\":[\"https:\/\/www.instagram.com\/boosteragro_brasil\/\"]},{\"@type\":\"Person\",\"@id\":\"https:\/\/boosteragro.com\/blog-po\/#\/schema\/person\/8d932be1ef489ce59d4ab2b5df5d8c21\",\"name\":\"M\u00e1rio Bittencourt\",\"image\":{\"@type\":\"ImageObject\",\"inLanguage\":\"pt-BR\",\"@id\":\"https:\/\/boosteragro.com\/blog-po\/#\/schema\/person\/image\/\",\"url\":\"https:\/\/secure.gravatar.com\/avatar\/5d0ff45aec0e2933ab3a62512e2fcdbf548549f5984ea14e33352031d20a7639?s=96&d=mm&r=g\",\"contentUrl\":\"https:\/\/secure.gravatar.com\/avatar\/5d0ff45aec0e2933ab3a62512e2fcdbf548549f5984ea14e33352031d20a7639?s=96&d=mm&r=g\",\"caption\":\"M\u00e1rio Bittencourt\"},\"description\":\"Jornalista e p\u00f3s-graduado em Agricultura de Precis\u00e3o.\",\"sameAs\":[\"https:\/\/www.linkedin.com\/in\/mariobittencourt\/\"],\"url\":\"https:\/\/boosteragro.com\/blog-po\/author\/mario-bittencourt\/\"}]}<\/script>\n<!-- \/ Yoast SEO plugin. -->","yoast_head_json":{"title":"Confira quais foram as mudan\u00e7as no Plano Safra 2021\/22 - BoosterAgro Blog","description":"No novo Plano Safra, governo destina mais recursos para incentivar pr\u00e1ticas e tecnologias que promovam sustentabilidade ambiental no campo","robots":{"index":"index","follow":"follow","max-snippet":"max-snippet:-1","max-image-preview":"max-image-preview:large","max-video-preview":"max-video-preview:-1"},"canonical":"https:\/\/boosteragro.com\/blog-po\/confira-quais-foram-as-mudancas-no-plano-safra-2021-22\/","og_locale":"pt_BR","og_type":"article","og_title":"Confira quais foram as mudan\u00e7as no Plano Safra 2021\/22 - BoosterAgro Blog","og_description":"No novo Plano Safra, governo destina mais recursos para incentivar pr\u00e1ticas e tecnologias que promovam sustentabilidade ambiental no campo","og_url":"https:\/\/boosteragro.com\/blog-po\/confira-quais-foram-as-mudancas-no-plano-safra-2021-22\/","og_site_name":"BoosterAgro Blog","article_published_time":"2021-07-20T15:15:04+00:00","article_modified_time":"2021-10-26T14:19:44+00:00","og_image":[{"width":1444,"height":964,"url":"https:\/\/boosteragro.com\/blog-po\/wp-content\/uploads\/2021\/07\/Imagem-Post-Plano-Safra.jpg","type":"image\/jpeg"}],"author":"M\u00e1rio Bittencourt","twitter_card":"summary_large_image","twitter_misc":{"Escrito por":"M\u00e1rio Bittencourt","Est. tempo de leitura":"5 minutos"},"schema":{"@context":"https:\/\/schema.org","@graph":[{"@type":"Article","@id":"https:\/\/boosteragro.com\/blog-po\/confira-quais-foram-as-mudancas-no-plano-safra-2021-22\/#article","isPartOf":{"@id":"https:\/\/boosteragro.com\/blog-po\/confira-quais-foram-as-mudancas-no-plano-safra-2021-22\/"},"author":{"name":"M\u00e1rio Bittencourt","@id":"https:\/\/boosteragro.com\/blog-po\/#\/schema\/person\/8d932be1ef489ce59d4ab2b5df5d8c21"},"headline":"Confira quais foram as mudan\u00e7as no Plano Safra 2021\/22","datePublished":"2021-07-20T15:15:04+00:00","dateModified":"2021-10-26T14:19:44+00:00","mainEntityOfPage":{"@id":"https:\/\/boosteragro.com\/blog-po\/confira-quais-foram-as-mudancas-no-plano-safra-2021-22\/"},"wordCount":1145,"commentCount":0,"publisher":{"@id":"https:\/\/boosteragro.com\/blog-po\/#organization"},"keywords":["Economia","Investimento","Plano safra"],"articleSection":["Mercado e Finan\u00e7as"],"inLanguage":"pt-BR","potentialAction":[{"@type":"CommentAction","name":"Comment","target":["https:\/\/boosteragro.com\/blog-po\/confira-quais-foram-as-mudancas-no-plano-safra-2021-22\/#respond"]}]},{"@type":"WebPage","@id":"https:\/\/boosteragro.com\/blog-po\/confira-quais-foram-as-mudancas-no-plano-safra-2021-22\/","url":"https:\/\/boosteragro.com\/blog-po\/confira-quais-foram-as-mudancas-no-plano-safra-2021-22\/","name":"Confira quais foram as mudan\u00e7as no Plano Safra 2021\/22 - BoosterAgro Blog","isPartOf":{"@id":"https:\/\/boosteragro.com\/blog-po\/#website"},"datePublished":"2021-07-20T15:15:04+00:00","dateModified":"2021-10-26T14:19:44+00:00","description":"No novo Plano Safra, governo destina mais recursos para incentivar pr\u00e1ticas e tecnologias que promovam sustentabilidade ambiental no campo","breadcrumb":{"@id":"https:\/\/boosteragro.com\/blog-po\/confira-quais-foram-as-mudancas-no-plano-safra-2021-22\/#breadcrumb"},"inLanguage":"pt-BR","potentialAction":[{"@type":"ReadAction","target":["https:\/\/boosteragro.com\/blog-po\/confira-quais-foram-as-mudancas-no-plano-safra-2021-22\/"]}]},{"@type":"BreadcrumbList","@id":"https:\/\/boosteragro.com\/blog-po\/confira-quais-foram-as-mudancas-no-plano-safra-2021-22\/#breadcrumb","itemListElement":[{"@type":"ListItem","position":1,"name":"Home","item":"https:\/\/boosteragro.com\/blog-po\/"},{"@type":"ListItem","position":2,"name":"Confira quais foram as mudan\u00e7as no Plano Safra 2021\/22"}]},{"@type":"WebSite","@id":"https:\/\/boosteragro.com\/blog-po\/#website","url":"https:\/\/boosteragro.com\/blog-po\/","name":"BoosterAgro Blog","description":"Os principais conte\u00fados para o dia a dia no campo","publisher":{"@id":"https:\/\/boosteragro.com\/blog-po\/#organization"},"potentialAction":[{"@type":"SearchAction","target":{"@type":"EntryPoint","urlTemplate":"https:\/\/boosteragro.com\/blog-po\/?s={search_term_string}"},"query-input":"required name=search_term_string"}],"inLanguage":"pt-BR"},{"@type":"Organization","@id":"https:\/\/boosteragro.com\/blog-po\/#organization","name":"BoosterAgro","url":"https:\/\/boosteragro.com\/blog-po\/","logo":{"@type":"ImageObject","inLanguage":"pt-BR","@id":"https:\/\/boosteragro.com\/blog-po\/#\/schema\/logo\/image\/","url":"https:\/\/boosteragro.com\/blog-po\/wp-content\/uploads\/2021\/07\/Logotipo-BoosterAgro180px.png","contentUrl":"https:\/\/boosteragro.com\/blog-po\/wp-content\/uploads\/2021\/07\/Logotipo-BoosterAgro180px.png","width":180,"height":36,"caption":"BoosterAgro"},"image":{"@id":"https:\/\/boosteragro.com\/blog-po\/#\/schema\/logo\/image\/"},"sameAs":["https:\/\/www.instagram.com\/boosteragro_brasil\/"]},{"@type":"Person","@id":"https:\/\/boosteragro.com\/blog-po\/#\/schema\/person\/8d932be1ef489ce59d4ab2b5df5d8c21","name":"M\u00e1rio Bittencourt","image":{"@type":"ImageObject","inLanguage":"pt-BR","@id":"https:\/\/boosteragro.com\/blog-po\/#\/schema\/person\/image\/","url":"https:\/\/secure.gravatar.com\/avatar\/5d0ff45aec0e2933ab3a62512e2fcdbf548549f5984ea14e33352031d20a7639?s=96&d=mm&r=g","contentUrl":"https:\/\/secure.gravatar.com\/avatar\/5d0ff45aec0e2933ab3a62512e2fcdbf548549f5984ea14e33352031d20a7639?s=96&d=mm&r=g","caption":"M\u00e1rio Bittencourt"},"description":"Jornalista e p\u00f3s-graduado em Agricultura de Precis\u00e3o.","sameAs":["https:\/\/www.linkedin.com\/in\/mariobittencourt\/"],"url":"https:\/\/boosteragro.com\/blog-po\/author\/mario-bittencourt\/"}]}},"_links":{"self":[{"href":"https:\/\/boosteragro.com\/blog-po\/wp-json\/wp\/v2\/posts\/622","targetHints":{"allow":["GET"]}}],"collection":[{"href":"https:\/\/boosteragro.com\/blog-po\/wp-json\/wp\/v2\/posts"}],"about":[{"href":"https:\/\/boosteragro.com\/blog-po\/wp-json\/wp\/v2\/types\/post"}],"author":[{"embeddable":true,"href":"https:\/\/boosteragro.com\/blog-po\/wp-json\/wp\/v2\/users\/4"}],"replies":[{"embeddable":true,"href":"https:\/\/boosteragro.com\/blog-po\/wp-json\/wp\/v2\/comments?post=622"}],"version-history":[{"count":6,"href":"https:\/\/boosteragro.com\/blog-po\/wp-json\/wp\/v2\/posts\/622\/revisions"}],"predecessor-version":[{"id":1624,"href":"https:\/\/boosteragro.com\/blog-po\/wp-json\/wp\/v2\/posts\/622\/revisions\/1624"}],"wp:featuredmedia":[{"embeddable":true,"href":"https:\/\/boosteragro.com\/blog-po\/wp-json\/wp\/v2\/media\/760"}],"wp:attachment":[{"href":"https:\/\/boosteragro.com\/blog-po\/wp-json\/wp\/v2\/media?parent=622"}],"wp:term":[{"taxonomy":"category","embeddable":true,"href":"https:\/\/boosteragro.com\/blog-po\/wp-json\/wp\/v2\/categories?post=622"},{"taxonomy":"post_tag","embeddable":true,"href":"https:\/\/boosteragro.com\/blog-po\/wp-json\/wp\/v2\/tags?post=622"}],"curies":[{"name":"wp","href":"https:\/\/api.w.org\/{rel}","templated":true}]}}